{"id":10252,"date":"2014-02-10T23:36:23","date_gmt":"2014-02-10T22:36:23","guid":{"rendered":"http:\/\/www.mariusdomingo.com\/altacapa\/?p=10252"},"modified":"2014-02-10T23:36:23","modified_gmt":"2014-02-10T22:36:23","slug":"el-siglo-del-collage","status":"publish","type":"post","link":"https:\/\/www.mariusdomingo.com\/altacapa\/?p=10252","title":{"rendered":"El siglo del collage"},"content":{"rendered":"<p><a href=\"http:\/\/www.mariusdomingo.com\/altacapa\/img_blog\/el-siglo-del-collage_J-F-Yvars-_altacapa-febrer-2014.gif\"><img loading=\"lazy\" decoding=\"async\" class=\"alignnone size-full wp-image-10253\" alt=\"el-siglo-del-collage_J F Yvars _altacapa febrer 2014\" src=\"http:\/\/www.mariusdomingo.com\/altacapa\/img_blog\/el-siglo-del-collage_J-F-Yvars-_altacapa-febrer-2014.gif\" width=\"200\" height=\"312\" \/><\/a><\/p>\n<p>El llibre del cr\u00edtic d&#8217;art Jose Francisco Yvars <em>El siglo del collage<\/em> (Alba, 2012. 56 p\u00e0gines, 10 \u20ac) \u00e9s un bon punt de partida per comen\u00e7ar a con\u00e8ixer el m\u00f3n del collage, l&#8217;assemblage i el papier coll\u00e9, tot amb el punt de vista sempre interessant de J.F. Yvars.<\/p>\n","protected":false},"excerpt":{"rendered":"<p>El llibre del cr\u00edtic d&#8217;art Jose Francisco Yvars El siglo del collage (Alba, 2012. 56 p\u00e0gines, 10 \u20ac) \u00e9s un bon punt de partida per comen\u00e7ar a con\u00e8ixer el m\u00f3n del collage, l&#8217;assemblage i el papier coll\u00e9, tot amb el punt de vista sempre interessant de J.F. Yvars.<\/p>\n","protected":false},"author":3,"featured_media":0,"comment_status":"open","ping_status":"open","sticky":false,"template":"","format":"standard","meta":{"footnotes":""},"categories":[31,3],"tags":[],"_links":{"self":[{"href":"https:\/\/www.mariusdomingo.com\/altacapa\/index.php?rest_route=\/wp\/v2\/posts\/10252"}],"collection":[{"href":"https:\/\/www.mariusdomingo.com\/altacapa\/index.php?rest_route=\/wp\/v2\/posts"}],"about":[{"href":"https:\/\/www.mariusdomingo.com\/altacapa\/index.php?rest_route=\/wp\/v2\/types\/post"}],"author":[{"embeddable":true,"href":"https:\/\/www.mariusdomingo.com\/altacapa\/index.php?rest_route=\/wp\/v2\/users\/3"}],"replies":[{"embeddable":true,"href":"https:\/\/www.mariusdomingo.com\/altacapa\/index.php?rest_route=%2Fwp%2Fv2%2Fcomments&post=10252"}],"version-history":[{"count":2,"href":"https:\/\/www.mariusdomingo.com\/altacapa\/index.php?rest_route=\/wp\/v2\/posts\/10252\/revisions"}],"predecessor-version":[{"id":10256,"href":"https:\/\/www.mariusdomingo.com\/altacapa\/index.php?rest_route=\/wp\/v2\/posts\/10252\/revisions\/10256"}],"wp:attachment":[{"href":"https:\/\/www.mariusdomingo.com\/altacapa\/index.php?rest_route=%2Fwp%2Fv2%2Fmedia&parent=10252"}],"wp:term":[{"taxonomy":"category","embeddable":true,"href":"https:\/\/www.mariusdomingo.com\/altacapa\/index.php?rest_route=%2Fwp%2Fv2%2Fcategories&post=10252"},{"taxonomy":"post_tag","embeddable":true,"href":"https:\/\/www.mariusdomingo.com\/altacapa\/index.php?rest_route=%2Fwp%2Fv2%2Ftags&post=10252"}],"curies":[{"name":"wp","href":"https:\/\/api.w.org\/{rel}","templated":true}]}}