{"id":1058,"date":"2008-03-10T18:50:56","date_gmt":"2008-03-10T17:50:56","guid":{"rendered":"http:\/\/www.mariusdomingo.com\/altacapa\/?p=1058"},"modified":"2008-03-10T19:21:42","modified_gmt":"2008-03-10T18:21:42","slug":"buenos-dias-princesa","status":"publish","type":"post","link":"https:\/\/www.mariusdomingo.com\/altacapa\/?p=1058","title":{"rendered":"Buenos dias princesa"},"content":{"rendered":"<p><img loading=\"lazy\" decoding=\"async\" width=\"435\" height=\"258\" id=\"image1054\" alt=\"grafitt_placa-de-loli.jpg\" src=\"http:\/\/www.mariusdomingo.com\/altacapa\/wp-content\/grafitt_placa-de-loli.jpg\" \/><\/p>\n<p>Aquests dies m&#8217;estic fixant en graffitis amb predomini del text. Aquest que teniu aqu\u00ed est\u00e0 en la tanca d&#8217;unes obres a la Pla\u00e7a de l&#8217;Oli de Tarragona.<\/p>\n<p><img loading=\"lazy\" decoding=\"async\" width=\"468\" height=\"240\" id=\"image1057\" alt=\"grafit_carrer-del-carme.jpg\" src=\"http:\/\/www.mariusdomingo.com\/altacapa\/wp-content\/grafit_carrer-del-carme.jpg\" \/><\/p>\n<p>I la mateixa tanca, uns metres m\u00e9s amunt, signat per &#8220;selecta&#8221;.<\/p>\n<p><img loading=\"lazy\" decoding=\"async\" width=\"461\" height=\"174\" id=\"image1055\" alt=\"grafit_carrer-dele-carme_2.jpg\" src=\"http:\/\/www.mariusdomingo.com\/altacapa\/wp-content\/grafit_carrer-dele-carme_2.jpg\" \/><\/p>\n<p>Molt aprop de la Pla\u00e7a de l&#8217;Oli hi ha el Carrer del Carme, on ens conviden a respirar.<\/p>\n<p><img loading=\"lazy\" decoding=\"async\" width=\"475\" height=\"357\" id=\"image1056\" alt=\"la_belleza_es_tu_cabeza.jpg\" src=\"http:\/\/www.mariusdomingo.com\/altacapa\/wp-content\/la_belleza_es_tu_cabeza.jpg\" \/><\/p>\n<p>Ara ens traslladem al C\/ Saragossa de Barcelona, on fa unes setmanes es proclamava que &#8220;la belleza es tu cabeza&#8221;.<\/p>\n","protected":false},"excerpt":{"rendered":"<p>Aquests dies m&#8217;estic fixant en graffitis amb predomini del text. Aquest que teniu aqu\u00ed est\u00e0 en la tanca d&#8217;unes obres a la Pla\u00e7a de l&#8217;Oli de Tarragona. I la mateixa tanca, uns metres m\u00e9s amunt, signat per &#8220;selecta&#8221;. Molt aprop de la Pla\u00e7a de l&#8217;Oli hi ha el Carrer del Carme, on ens conviden a&#8230;<\/p>\n","protected":false},"author":3,"featured_media":0,"comment_status":"open","ping_status":"open","sticky":false,"template":"","format":"standard","meta":{"footnotes":""},"categories":[14],"tags":[],"_links":{"self":[{"href":"https:\/\/www.mariusdomingo.com\/altacapa\/index.php?rest_route=\/wp\/v2\/posts\/1058"}],"collection":[{"href":"https:\/\/www.mariusdomingo.com\/altacapa\/index.php?rest_route=\/wp\/v2\/posts"}],"about":[{"href":"https:\/\/www.mariusdomingo.com\/altacapa\/index.php?rest_route=\/wp\/v2\/types\/post"}],"author":[{"embeddable":true,"href":"https:\/\/www.mariusdomingo.com\/altacapa\/index.php?rest_route=\/wp\/v2\/users\/3"}],"replies":[{"embeddable":true,"href":"https:\/\/www.mariusdomingo.com\/altacapa\/index.php?rest_route=%2Fwp%2Fv2%2Fcomments&post=1058"}],"version-history":[{"count":0,"href":"https:\/\/www.mariusdomingo.com\/altacapa\/index.php?rest_route=\/wp\/v2\/posts\/1058\/revisions"}],"wp:attachment":[{"href":"https:\/\/www.mariusdomingo.com\/altacapa\/index.php?rest_route=%2Fwp%2Fv2%2Fmedia&parent=1058"}],"wp:term":[{"taxonomy":"category","embeddable":true,"href":"https:\/\/www.mariusdomingo.com\/altacapa\/index.php?rest_route=%2Fwp%2Fv2%2Fcategories&post=1058"},{"taxonomy":"post_tag","embeddable":true,"href":"https:\/\/www.mariusdomingo.com\/altacapa\/index.php?rest_route=%2Fwp%2Fv2%2Ftags&post=1058"}],"curies":[{"name":"wp","href":"https:\/\/api.w.org\/{rel}","templated":true}]}}