{"id":10916,"date":"2014-11-20T20:50:19","date_gmt":"2014-11-20T19:50:19","guid":{"rendered":"http:\/\/www.mariusdomingo.com\/altacapa\/?p=10916"},"modified":"2014-11-20T20:52:22","modified_gmt":"2014-11-20T19:52:22","slug":"llibre-cataleg-de-lexposicio-joan-prim-i-prats-reus-1814-madrid-1870","status":"publish","type":"post","link":"https:\/\/www.mariusdomingo.com\/altacapa\/?p=10916","title":{"rendered":"Llibre cat\u00e0leg de l&#8217;exposici\u00f3 \u00abJoan Prim i Prats (Reus, 1814 \u2013 Madrid, 1870)\u00bb"},"content":{"rendered":"<p><a href=\"http:\/\/www.mariusdomingo.com\/altacapa\/img_blog\/llibre-cat\u00e0leg-joan-prim-i-prats-_-museu-de-reus-_-novembre-2014.jpg\"><img loading=\"lazy\" decoding=\"async\" class=\"alignnone size-full wp-image-10917\" alt=\"llibre cat\u00e0leg joan prim i prats _ museu de reus _ novembre 2014\" src=\"http:\/\/www.mariusdomingo.com\/altacapa\/img_blog\/llibre-cat\u00e0leg-joan-prim-i-prats-_-museu-de-reus-_-novembre-2014.jpg\" width=\"304\" height=\"448\" srcset=\"https:\/\/www.mariusdomingo.com\/altacapa\/img_blog\/llibre-cat\u00e0leg-joan-prim-i-prats-_-museu-de-reus-_-novembre-2014.jpg 304w, https:\/\/www.mariusdomingo.com\/altacapa\/img_blog\/llibre-cat\u00e0leg-joan-prim-i-prats-_-museu-de-reus-_-novembre-2014-203x300.jpg 203w\" sizes=\"(max-width: 304px) 100vw, 304px\" \/><\/a><\/p>\n<p>M&#8217;arriba a les mans [per cortesia de Dolors Sard\u00e0, regidora d&#8217;ensenyament i pol\u00edtica ling\u00fc\u00edstica de l&#8217;ajuntament de Reus]\u00a0els llibre-cat\u00e0leg de l&#8217;exposici\u00f3 Joan Prim i Prats (Reus, 1814 \u2013 Madrid, 1870) que s&#8217;ha editat com a complement de l&#8217;exposici\u00f3 &#8211;que es pot visitar fins al 25 de gener de 2015 al Museu de Reus&#8211; en qu\u00e8 repassa la traject\u00f2ria personal i militar del general reusenc, en el marc dels actes de commemoraci\u00f3 del bicentenari del seu naixement. Per cert, una exposici\u00f3 molt recomanable.<\/p>\n<p>El llibre recull\u00a0les sis pon\u00e8ncies que van redactar els historiadors Ramon Arnabat (\u201cJoan Prim: Revoluci\u00f3 liberal i guerra Carlina\u201d), Marc Ferran (\u201cJoan Prim en el context reusenc, 1814-1870\u201d), Josep Fontana (\u201cPrim, el 1843\u201d), Jaume Mass\u00f3 (\u201cEls \u2018records del general Prim\u2019, al Museu de Reus\u201d), Borja de Riquer (\u201cEl culte a Prim: entre manipulacions i equ\u00edvocs\u201d) i Llu\u00eds Ferran Toledano (\u201cPrim, les xarxes insurreccionals i els militars liberals en temps de guerres civils\u201d) per a les Jornades d\u2019Hist\u00f2ria Joan Prim i Prats, personalitat pol\u00edtica i militar, que es van portar a terme al Centre de Lectura de Reus els dies 13, 14 i 15 de mar\u00e7 de 2014, aix\u00ed com un text cl\u00e0ssic d\u2019Enric Aguad\u00e9 i Par\u00e9s (\u201cEl Excmo. Se\u00f1or Don Juan Prim y Prats\u201d) i dues noves aportacions signades per Emilio de Diego (\u201cPrim, el soldado de \u00c1frica\u201d) i per Mar\u00eda Jos\u00e9 Rubio (\u201cJuan Prim y Prats. Visi\u00f3n personal de un hombre de Estado\u201d).<\/p>\n","protected":false},"excerpt":{"rendered":"<p>M&#8217;arriba a les mans [per cortesia de Dolors Sard\u00e0, regidora d&#8217;ensenyament i pol\u00edtica ling\u00fc\u00edstica de l&#8217;ajuntament de Reus]\u00a0els llibre-cat\u00e0leg de l&#8217;exposici\u00f3 Joan Prim i Prats (Reus, 1814 \u2013 Madrid, 1870) que s&#8217;ha editat com a complement de l&#8217;exposici\u00f3 &#8211;que es pot visitar fins al 25 de gener de 2015 al Museu de Reus&#8211; en qu\u00e8&#8230;<\/p>\n","protected":false},"author":3,"featured_media":0,"comment_status":"open","ping_status":"open","sticky":false,"template":"","format":"standard","meta":{"footnotes":""},"categories":[19,3],"tags":[],"_links":{"self":[{"href":"https:\/\/www.mariusdomingo.com\/altacapa\/index.php?rest_route=\/wp\/v2\/posts\/10916"}],"collection":[{"href":"https:\/\/www.mariusdomingo.com\/altacapa\/index.php?rest_route=\/wp\/v2\/posts"}],"about":[{"href":"https:\/\/www.mariusdomingo.com\/altacapa\/index.php?rest_route=\/wp\/v2\/types\/post"}],"author":[{"embeddable":true,"href":"https:\/\/www.mariusdomingo.com\/altacapa\/index.php?rest_route=\/wp\/v2\/users\/3"}],"replies":[{"embeddable":true,"href":"https:\/\/www.mariusdomingo.com\/altacapa\/index.php?rest_route=%2Fwp%2Fv2%2Fcomments&post=10916"}],"version-history":[{"count":2,"href":"https:\/\/www.mariusdomingo.com\/altacapa\/index.php?rest_route=\/wp\/v2\/posts\/10916\/revisions"}],"predecessor-version":[{"id":10919,"href":"https:\/\/www.mariusdomingo.com\/altacapa\/index.php?rest_route=\/wp\/v2\/posts\/10916\/revisions\/10919"}],"wp:attachment":[{"href":"https:\/\/www.mariusdomingo.com\/altacapa\/index.php?rest_route=%2Fwp%2Fv2%2Fmedia&parent=10916"}],"wp:term":[{"taxonomy":"category","embeddable":true,"href":"https:\/\/www.mariusdomingo.com\/altacapa\/index.php?rest_route=%2Fwp%2Fv2%2Fcategories&post=10916"},{"taxonomy":"post_tag","embeddable":true,"href":"https:\/\/www.mariusdomingo.com\/altacapa\/index.php?rest_route=%2Fwp%2Fv2%2Ftags&post=10916"}],"curies":[{"name":"wp","href":"https:\/\/api.w.org\/{rel}","templated":true}]}}