{"id":11086,"date":"2015-01-15T16:00:41","date_gmt":"2015-01-15T15:00:41","guid":{"rendered":"http:\/\/www.mariusdomingo.com\/altacapa\/?p=11086"},"modified":"2015-01-15T16:00:41","modified_gmt":"2015-01-15T15:00:41","slug":"joan-panisello-peca-del-trimestre-al-museu-nacional-de-ceramica","status":"publish","type":"post","link":"https:\/\/www.mariusdomingo.com\/altacapa\/?p=11086","title":{"rendered":"Joan Panisello, pe\u00e7a del trimestre al Museu Nacional de Cer\u00e0mica"},"content":{"rendered":"<p><a href=\"http:\/\/www.mariusdomingo.com\/altacapa\/img_blog\/Binomi.-Pimoll-dArnes-B.jpg\"><img loading=\"lazy\" decoding=\"async\" class=\"alignnone  wp-image-11087\" alt=\"Binomi. Pimoll d'Arnes B\" src=\"http:\/\/www.mariusdomingo.com\/altacapa\/img_blog\/Binomi.-Pimoll-dArnes-B.jpg\" width=\"385\" height=\"461\" srcset=\"https:\/\/www.mariusdomingo.com\/altacapa\/img_blog\/Binomi.-Pimoll-dArnes-B.jpg 642w, https:\/\/www.mariusdomingo.com\/altacapa\/img_blog\/Binomi.-Pimoll-dArnes-B-250x300.jpg 250w\" sizes=\"(max-width: 385px) 100vw, 385px\" \/><\/a><\/p>\n<p>Si aix\u00f2 fos\u00a0twitter ara estaria fent un retweet&#8230; per\u00f2 com \u00e9s un bloc potser podr\u00edem dir que estic fent un reapunt.<\/p>\n<p><span style=\"font-size: 13px;\">\u00a0&#8220;Desde el\u00a0<\/span><b style=\"font-size: 13px;\"><a href=\"http:\/\/mnceramica.mcu.es\/\">Museo Nacional de Cer\u00e1mica \u201cGonz\u00e1lez Mart\u00ed\u201d de Valencia<\/a><\/b><span style=\"font-size: 13px;\">, ubicado en el Palacio marqu\u00e9s de Dosaguas, y dependiente del Ministerio de Cultura, nos comunican que la obra: PI, PIMPOLL, ARNES (TERRA ALTA), de nuestra colecci\u00f3n Binomio \u00c1rbol-Hombre [obra del ceramista <\/span><a style=\"font-size: 13px;\" href=\"http:\/\/www.panisello.net\/\" target=\"_blank\">Joan Panisello<\/a><span style=\"font-size: 13px;\">] \u00a0y que es propiedad del Museo, ser\u00e1 la pr\u00f3xima\u00a0<\/span><b style=\"font-size: 13px;\">pieza del trimestre\u00a0<\/b><span style=\"font-size: 13px;\">en el Museo (invierno 2015) y estar\u00e1 expuesta en una vitrina en el patio de carrozas a partir de hoy 13 de enero de 2015 y hasta principios de abril.&#8221;<\/span><\/p>\n<p>Llegiu la not\u00edcia <a href=\"http:\/\/joanpanisello.blogspot.com.es\/2015\/01\/una-escultura-de-joan-panisello.html\" target=\"_blank\">aqu\u00ed<\/a>.<\/p>\n","protected":false},"excerpt":{"rendered":"<p>Si aix\u00f2 fos\u00a0twitter ara estaria fent un retweet&#8230; per\u00f2 com \u00e9s un bloc potser podr\u00edem dir que estic fent un reapunt. \u00a0&#8220;Desde el\u00a0Museo Nacional de Cer\u00e1mica \u201cGonz\u00e1lez Mart\u00ed\u201d de Valencia, ubicado en el Palacio marqu\u00e9s de Dosaguas, y dependiente del Ministerio de Cultura, nos comunican que la obra: PI, PIMPOLL, ARNES (TERRA ALTA), de nuestra&#8230;<\/p>\n","protected":false},"author":3,"featured_media":0,"comment_status":"open","ping_status":"open","sticky":false,"template":"","format":"standard","meta":{"footnotes":""},"categories":[39],"tags":[],"_links":{"self":[{"href":"https:\/\/www.mariusdomingo.com\/altacapa\/index.php?rest_route=\/wp\/v2\/posts\/11086"}],"collection":[{"href":"https:\/\/www.mariusdomingo.com\/altacapa\/index.php?rest_route=\/wp\/v2\/posts"}],"about":[{"href":"https:\/\/www.mariusdomingo.com\/altacapa\/index.php?rest_route=\/wp\/v2\/types\/post"}],"author":[{"embeddable":true,"href":"https:\/\/www.mariusdomingo.com\/altacapa\/index.php?rest_route=\/wp\/v2\/users\/3"}],"replies":[{"embeddable":true,"href":"https:\/\/www.mariusdomingo.com\/altacapa\/index.php?rest_route=%2Fwp%2Fv2%2Fcomments&post=11086"}],"version-history":[{"count":1,"href":"https:\/\/www.mariusdomingo.com\/altacapa\/index.php?rest_route=\/wp\/v2\/posts\/11086\/revisions"}],"predecessor-version":[{"id":11088,"href":"https:\/\/www.mariusdomingo.com\/altacapa\/index.php?rest_route=\/wp\/v2\/posts\/11086\/revisions\/11088"}],"wp:attachment":[{"href":"https:\/\/www.mariusdomingo.com\/altacapa\/index.php?rest_route=%2Fwp%2Fv2%2Fmedia&parent=11086"}],"wp:term":[{"taxonomy":"category","embeddable":true,"href":"https:\/\/www.mariusdomingo.com\/altacapa\/index.php?rest_route=%2Fwp%2Fv2%2Fcategories&post=11086"},{"taxonomy":"post_tag","embeddable":true,"href":"https:\/\/www.mariusdomingo.com\/altacapa\/index.php?rest_route=%2Fwp%2Fv2%2Ftags&post=11086"}],"curies":[{"name":"wp","href":"https:\/\/api.w.org\/{rel}","templated":true}]}}