{"id":12450,"date":"2015-12-03T00:06:43","date_gmt":"2015-12-02T23:06:43","guid":{"rendered":"http:\/\/www.mariusdomingo.com\/altacapa\/?p=12450"},"modified":"2015-12-03T00:10:09","modified_gmt":"2015-12-02T23:10:09","slug":"joseph-kronke-la-governanta","status":"publish","type":"post","link":"https:\/\/www.mariusdomingo.com\/altacapa\/?p=12450","title":{"rendered":"Joseph Kronk\u00e9 | La governanta"},"content":{"rendered":"<p><a href=\"http:\/\/www.mariusdomingo.com\/altacapa\/img_blog\/kronk\u00e9-1882-oo.jpg\"><img loading=\"lazy\" decoding=\"async\" class=\"alignnone  wp-image-12452\" alt=\"kronk\u00e9 1882 oo\" src=\"http:\/\/www.mariusdomingo.com\/altacapa\/img_blog\/kronk\u00e9-1882-oo.jpg\" width=\"446\" height=\"512\" srcset=\"https:\/\/www.mariusdomingo.com\/altacapa\/img_blog\/kronk\u00e9-1882-oo.jpg 744w, https:\/\/www.mariusdomingo.com\/altacapa\/img_blog\/kronk\u00e9-1882-oo-261x300.jpg 261w\" sizes=\"(max-width: 446px) 100vw, 446px\" \/><\/a><\/p>\n<p>No sabem massa de Joseph Kronk\u00e9. Va viure a finals del s. XIX a B\u00e8lgica on pintava retrats de nens, dones fent feines, i obres molt del gust de l&#8217;\u00e8poca com ara <em>La belle Orientale<\/em>, en algunes guies de cases de subhastes est\u00e0 etiquetat com a &#8220;pintor espanyol&#8221;. No hi ha obres seves als museus, ni fundacions amb el seu nom. Kronk\u00e9 va retratar a la governanta l&#8217;any 1882, el fons pla de color ocre remarca la figura vestida de negre que ens mira entre complaent i expectant. Els bra\u00e7os creuats, a la defensiva. El cabell recollit, una agulla platejada li tanca el coll del vestit. Els grans senyors es retrataven envoltats de les seves possessions, amb una tradici\u00f3 que va iniciar <a href=\"https:\/\/ca.wikipedia.org\/wiki\/Thomas_Gainsborough\" target=\"_blank\">Thomas Gainsborough<\/a> amb\u00a0<em>El Senyor i la Senyora Andrews<\/em> (c. 1750,\u00a0National Gallery de Londres, Anglaterra). La nostra governanta nom\u00e9s t\u00e9 una cosa: el seu car\u00e0cter indestructible.<\/p>\n","protected":false},"excerpt":{"rendered":"<p>No sabem massa de Joseph Kronk\u00e9. Va viure a finals del s. XIX a B\u00e8lgica on pintava retrats de nens, dones fent feines, i obres molt del gust de l&#8217;\u00e8poca com ara La belle Orientale, en algunes guies de cases de subhastes est\u00e0 etiquetat com a &#8220;pintor espanyol&#8221;. No hi ha obres seves als museus,&#8230;<\/p>\n","protected":false},"author":3,"featured_media":0,"comment_status":"open","ping_status":"open","sticky":false,"template":"","format":"standard","meta":{"footnotes":""},"categories":[5,47],"tags":[],"_links":{"self":[{"href":"https:\/\/www.mariusdomingo.com\/altacapa\/index.php?rest_route=\/wp\/v2\/posts\/12450"}],"collection":[{"href":"https:\/\/www.mariusdomingo.com\/altacapa\/index.php?rest_route=\/wp\/v2\/posts"}],"about":[{"href":"https:\/\/www.mariusdomingo.com\/altacapa\/index.php?rest_route=\/wp\/v2\/types\/post"}],"author":[{"embeddable":true,"href":"https:\/\/www.mariusdomingo.com\/altacapa\/index.php?rest_route=\/wp\/v2\/users\/3"}],"replies":[{"embeddable":true,"href":"https:\/\/www.mariusdomingo.com\/altacapa\/index.php?rest_route=%2Fwp%2Fv2%2Fcomments&post=12450"}],"version-history":[{"count":3,"href":"https:\/\/www.mariusdomingo.com\/altacapa\/index.php?rest_route=\/wp\/v2\/posts\/12450\/revisions"}],"predecessor-version":[{"id":12455,"href":"https:\/\/www.mariusdomingo.com\/altacapa\/index.php?rest_route=\/wp\/v2\/posts\/12450\/revisions\/12455"}],"wp:attachment":[{"href":"https:\/\/www.mariusdomingo.com\/altacapa\/index.php?rest_route=%2Fwp%2Fv2%2Fmedia&parent=12450"}],"wp:term":[{"taxonomy":"category","embeddable":true,"href":"https:\/\/www.mariusdomingo.com\/altacapa\/index.php?rest_route=%2Fwp%2Fv2%2Fcategories&post=12450"},{"taxonomy":"post_tag","embeddable":true,"href":"https:\/\/www.mariusdomingo.com\/altacapa\/index.php?rest_route=%2Fwp%2Fv2%2Ftags&post=12450"}],"curies":[{"name":"wp","href":"https:\/\/api.w.org\/{rel}","templated":true}]}}