{"id":12462,"date":"2015-12-06T17:15:57","date_gmt":"2015-12-06T16:15:57","guid":{"rendered":"http:\/\/www.mariusdomingo.com\/altacapa\/?p=12462"},"modified":"2015-12-06T17:45:24","modified_gmt":"2015-12-06T16:45:24","slug":"rec-2015","status":"publish","type":"post","link":"https:\/\/www.mariusdomingo.com\/altacapa\/?p=12462","title":{"rendered":"REC 2015"},"content":{"rendered":"<p><a href=\"http:\/\/www.mariusdomingo.com\/altacapa\/img_blog\/rec-2015.jpg\"><img loading=\"lazy\" decoding=\"async\" class=\"alignnone  wp-image-12463\" alt=\"rec 2015\" src=\"http:\/\/www.mariusdomingo.com\/altacapa\/img_blog\/rec-2015-1024x1001.jpg\" width=\"498\" height=\"487\" srcset=\"https:\/\/www.mariusdomingo.com\/altacapa\/img_blog\/rec-2015-1024x1001.jpg 1024w, https:\/\/www.mariusdomingo.com\/altacapa\/img_blog\/rec-2015-300x293.jpg 300w, https:\/\/www.mariusdomingo.com\/altacapa\/img_blog\/rec-2015.jpg 1126w\" sizes=\"(max-width: 498px) 100vw, 498px\" \/><\/a><\/p>\n<p>Avui una<em> matin\u00e9e<\/em> al REC (<a href=\"http:\/\/www.festivalrec.com\/?lang=ca\" target=\"_blank\">Festival Internacional de Cinema de Tarragona<\/a>, que he anat seguit de forma intermitent aquests dies), on hem pogut veure <em>Un dia perfecte per volar<\/em> (Marc Recha, 2015). Una pel\u00b7l\u00edcula que sense tenir poesia \u00e9s po\u00e8tica per\u00f2 no carrega, que es basa en el naturalisme i una certa espontane\u00eftat per explorar les relacions dels fills amb els pares i dels pares amb els fills, dels nens amb la natura, dels vius amb els morts. Tot \u00e9s molt senzill i a la vegada molt complicat, com acostuma a passar en la vida real.<\/p>\n<p>Per cert: fant\u00e0stica la feina de l&#8217;<a href=\"http:\/\/www.unicum.co\/\" target=\"_blank\">Eva Jolis<\/a> en la imatge i el disseny gr\u00e0fic del REC. Felicitats.<\/p>\n<p><a href=\"http:\/\/www.mariusdomingo.com\/altacapa\/img_blog\/Un-dia-perfecte-per-volar.jpg\"><img loading=\"lazy\" decoding=\"async\" class=\"alignnone  wp-image-12464\" alt=\"Un-dia-perfecte-per-volar\" src=\"http:\/\/www.mariusdomingo.com\/altacapa\/img_blog\/Un-dia-perfecte-per-volar.jpg\" width=\"336\" height=\"480\" srcset=\"https:\/\/www.mariusdomingo.com\/altacapa\/img_blog\/Un-dia-perfecte-per-volar.jpg 560w, https:\/\/www.mariusdomingo.com\/altacapa\/img_blog\/Un-dia-perfecte-per-volar-210x300.jpg 210w\" sizes=\"(max-width: 336px) 100vw, 336px\" \/><\/a><\/p>\n","protected":false},"excerpt":{"rendered":"<p>Avui una matin\u00e9e al REC (Festival Internacional de Cinema de Tarragona, que he anat seguit de forma intermitent aquests dies), on hem pogut veure Un dia perfecte per volar (Marc Recha, 2015). Una pel\u00b7l\u00edcula que sense tenir poesia \u00e9s po\u00e8tica per\u00f2 no carrega, que es basa en el naturalisme i una certa espontane\u00eftat per explorar&#8230;<\/p>\n","protected":false},"author":3,"featured_media":0,"comment_status":"open","ping_status":"open","sticky":false,"template":"","format":"standard","meta":{"footnotes":""},"categories":[8],"tags":[],"_links":{"self":[{"href":"https:\/\/www.mariusdomingo.com\/altacapa\/index.php?rest_route=\/wp\/v2\/posts\/12462"}],"collection":[{"href":"https:\/\/www.mariusdomingo.com\/altacapa\/index.php?rest_route=\/wp\/v2\/posts"}],"about":[{"href":"https:\/\/www.mariusdomingo.com\/altacapa\/index.php?rest_route=\/wp\/v2\/types\/post"}],"author":[{"embeddable":true,"href":"https:\/\/www.mariusdomingo.com\/altacapa\/index.php?rest_route=\/wp\/v2\/users\/3"}],"replies":[{"embeddable":true,"href":"https:\/\/www.mariusdomingo.com\/altacapa\/index.php?rest_route=%2Fwp%2Fv2%2Fcomments&post=12462"}],"version-history":[{"count":4,"href":"https:\/\/www.mariusdomingo.com\/altacapa\/index.php?rest_route=\/wp\/v2\/posts\/12462\/revisions"}],"predecessor-version":[{"id":12468,"href":"https:\/\/www.mariusdomingo.com\/altacapa\/index.php?rest_route=\/wp\/v2\/posts\/12462\/revisions\/12468"}],"wp:attachment":[{"href":"https:\/\/www.mariusdomingo.com\/altacapa\/index.php?rest_route=%2Fwp%2Fv2%2Fmedia&parent=12462"}],"wp:term":[{"taxonomy":"category","embeddable":true,"href":"https:\/\/www.mariusdomingo.com\/altacapa\/index.php?rest_route=%2Fwp%2Fv2%2Fcategories&post=12462"},{"taxonomy":"post_tag","embeddable":true,"href":"https:\/\/www.mariusdomingo.com\/altacapa\/index.php?rest_route=%2Fwp%2Fv2%2Ftags&post=12462"}],"curies":[{"name":"wp","href":"https:\/\/api.w.org\/{rel}","templated":true}]}}