{"id":1258,"date":"2008-05-07T22:00:58","date_gmt":"2008-05-07T21:00:58","guid":{"rendered":"http:\/\/www.mariusdomingo.com\/altacapa\/?p=1258"},"modified":"2008-05-07T22:00:58","modified_gmt":"2008-05-07T21:00:58","slug":"la-toscana-catalana","status":"publish","type":"post","link":"https:\/\/www.mariusdomingo.com\/altacapa\/?p=1258","title":{"rendered":"La Toscana catalana"},"content":{"rendered":"<p><img decoding=\"async\" alt=\"vendrell1.jpg\" id=\"image1252\" src=\"http:\/\/www.mariusdomingo.com\/altacapa\/wp-content\/vendrell1.jpg\" \/><\/p>\n<p>Aquest \u00e9s el dimoniet que em rep cada mat\u00ed al Vendrell, on estic fent una feina aquests dies. Un parell de transformadors el\u00e8ctrics redecorats.<\/p>\n<p><img loading=\"lazy\" decoding=\"async\" width=\"362\" height=\"272\" alt=\"vendrell4.jpg\" id=\"image1255\" src=\"http:\/\/www.mariusdomingo.com\/altacapa\/wp-content\/vendrell4.jpg\" \/><\/p>\n<p><img loading=\"lazy\" decoding=\"async\" width=\"414\" height=\"228\" alt=\"vendrell3.jpg\" id=\"image1254\" src=\"http:\/\/www.mariusdomingo.com\/altacapa\/wp-content\/vendrell3.jpg\" \/><\/p>\n<p>I un camp de cereal a tocar de la ciutat, en un paisatge que em recorda, fent servir les paraules d&#8217;un amic que va visitar el Camp de Tarragona fa poc, a la Toscana.<\/p>\n<p><img loading=\"lazy\" decoding=\"async\" width=\"301\" height=\"225\" alt=\"vendrell2.jpg\" id=\"image1253\" src=\"http:\/\/www.mariusdomingo.com\/altacapa\/wp-content\/vendrell2.jpg\" \/><\/p>\n<p>I un lloc molt acollidor &#8211;gr\u00e0cies Marta per la visita guiada a les instal\u00b7lacions&#8211; on donen un dinar de primera: l&#8217;<a href=\"http:\/\/www.escolaturismebp.org\/\">Escola de Turisme del Baix Pened\u00e8s<\/a>, a Coma-ruga, on podreu veure una exposici\u00f3 de Pep Quer.<\/p>\n<p><img decoding=\"async\" alt=\"pep_quer1.jpg\" id=\"image1257\" src=\"http:\/\/www.mariusdomingo.com\/altacapa\/wp-content\/pep_quer1.jpg\" \/><\/p>\n","protected":false},"excerpt":{"rendered":"<p>Aquest \u00e9s el dimoniet que em rep cada mat\u00ed al Vendrell, on estic fent una feina aquests dies. Un parell de transformadors el\u00e8ctrics redecorats. I un camp de cereal a tocar de la ciutat, en un paisatge que em recorda, fent servir les paraules d&#8217;un amic que va visitar el Camp de Tarragona fa poc,&#8230;<\/p>\n","protected":false},"author":3,"featured_media":0,"comment_status":"open","ping_status":"open","sticky":false,"template":"","format":"standard","meta":{"footnotes":""},"categories":[25,14,23],"tags":[],"_links":{"self":[{"href":"https:\/\/www.mariusdomingo.com\/altacapa\/index.php?rest_route=\/wp\/v2\/posts\/1258"}],"collection":[{"href":"https:\/\/www.mariusdomingo.com\/altacapa\/index.php?rest_route=\/wp\/v2\/posts"}],"about":[{"href":"https:\/\/www.mariusdomingo.com\/altacapa\/index.php?rest_route=\/wp\/v2\/types\/post"}],"author":[{"embeddable":true,"href":"https:\/\/www.mariusdomingo.com\/altacapa\/index.php?rest_route=\/wp\/v2\/users\/3"}],"replies":[{"embeddable":true,"href":"https:\/\/www.mariusdomingo.com\/altacapa\/index.php?rest_route=%2Fwp%2Fv2%2Fcomments&post=1258"}],"version-history":[{"count":0,"href":"https:\/\/www.mariusdomingo.com\/altacapa\/index.php?rest_route=\/wp\/v2\/posts\/1258\/revisions"}],"wp:attachment":[{"href":"https:\/\/www.mariusdomingo.com\/altacapa\/index.php?rest_route=%2Fwp%2Fv2%2Fmedia&parent=1258"}],"wp:term":[{"taxonomy":"category","embeddable":true,"href":"https:\/\/www.mariusdomingo.com\/altacapa\/index.php?rest_route=%2Fwp%2Fv2%2Fcategories&post=1258"},{"taxonomy":"post_tag","embeddable":true,"href":"https:\/\/www.mariusdomingo.com\/altacapa\/index.php?rest_route=%2Fwp%2Fv2%2Ftags&post=1258"}],"curies":[{"name":"wp","href":"https:\/\/api.w.org\/{rel}","templated":true}]}}