{"id":12930,"date":"2016-03-25T17:39:52","date_gmt":"2016-03-25T16:39:52","guid":{"rendered":"http:\/\/www.mariusdomingo.com\/altacapa\/?p=12930"},"modified":"2016-03-26T17:56:19","modified_gmt":"2016-03-26T16:56:19","slug":"tarragona-setmana-santa","status":"publish","type":"post","link":"https:\/\/www.mariusdomingo.com\/altacapa\/?p=12930","title":{"rendered":"Tarragona Setmana Santa 2016"},"content":{"rendered":"<p><a href=\"http:\/\/www.mariusdomingo.com\/altacapa\/img_blog\/setmana-santa-tarragona-2016.jpg\"><img loading=\"lazy\" decoding=\"async\" class=\"alignnone size-full wp-image-12931\" alt=\"setmana santa tarragona 2016\" src=\"http:\/\/www.mariusdomingo.com\/altacapa\/img_blog\/setmana-santa-tarragona-2016.jpg\" width=\"336\" height=\"380\" srcset=\"https:\/\/www.mariusdomingo.com\/altacapa\/img_blog\/setmana-santa-tarragona-2016.jpg 336w, https:\/\/www.mariusdomingo.com\/altacapa\/img_blog\/setmana-santa-tarragona-2016-265x300.jpg 265w\" sizes=\"(max-width: 336px) 100vw, 336px\" \/><\/a><\/p>\n<p><a href=\"http:\/\/www.mariusdomingo.com\/altacapa\/img_blog\/setmana-santa-tarragona-2016-00.jpg\"><img loading=\"lazy\" decoding=\"async\" class=\"alignnone size-full wp-image-12932\" alt=\"setmana santa tarragona 2016 00\" src=\"http:\/\/www.mariusdomingo.com\/altacapa\/img_blog\/setmana-santa-tarragona-2016-00.jpg\" width=\"345\" height=\"382\" srcset=\"https:\/\/www.mariusdomingo.com\/altacapa\/img_blog\/setmana-santa-tarragona-2016-00.jpg 345w, https:\/\/www.mariusdomingo.com\/altacapa\/img_blog\/setmana-santa-tarragona-2016-00-270x300.jpg 270w\" sizes=\"(max-width: 345px) 100vw, 345px\" \/><\/a><\/p>\n<p>La Germandat de Nostre Pare Jes\u00fas de la Passi\u00f3 treu aquest pas cada divendres Sant. La va realitzar l\u2019escultor tarragon\u00ed Jordi Amen\u00f3s Basora fa pocs anys ja que la imatge que v\u00e8iem quan erem petits, i que ens feia molta por, es va cremar als anys 70.<\/p>\n<p><a href=\"http:\/\/www.mariusdomingo.com\/altacapa\/img_blog\/setmana-santa-tarragona-2016-22.jpg\"><img loading=\"lazy\" decoding=\"async\" class=\"alignnone size-full wp-image-12933\" alt=\"setmana santa tarragona 2016 22\" src=\"http:\/\/www.mariusdomingo.com\/altacapa\/img_blog\/setmana-santa-tarragona-2016-22.jpg\" width=\"448\" height=\"336\" srcset=\"https:\/\/www.mariusdomingo.com\/altacapa\/img_blog\/setmana-santa-tarragona-2016-22.jpg 448w, https:\/\/www.mariusdomingo.com\/altacapa\/img_blog\/setmana-santa-tarragona-2016-22-300x224.jpg 300w\" sizes=\"(max-width: 448px) 100vw, 448px\" \/><\/a><\/p>\n<p>&nbsp;<\/p>\n","protected":false},"excerpt":{"rendered":"<p>La Germandat de Nostre Pare Jes\u00fas de la Passi\u00f3 treu aquest pas cada divendres Sant. La va realitzar l\u2019escultor tarragon\u00ed Jordi Amen\u00f3s Basora fa pocs anys ja que la imatge que v\u00e8iem quan erem petits, i que ens feia molta por, es va cremar als anys 70. &nbsp;<\/p>\n","protected":false},"author":3,"featured_media":0,"comment_status":"open","ping_status":"open","sticky":false,"template":"","format":"standard","meta":{"footnotes":""},"categories":[23,42],"tags":[],"_links":{"self":[{"href":"https:\/\/www.mariusdomingo.com\/altacapa\/index.php?rest_route=\/wp\/v2\/posts\/12930"}],"collection":[{"href":"https:\/\/www.mariusdomingo.com\/altacapa\/index.php?rest_route=\/wp\/v2\/posts"}],"about":[{"href":"https:\/\/www.mariusdomingo.com\/altacapa\/index.php?rest_route=\/wp\/v2\/types\/post"}],"author":[{"embeddable":true,"href":"https:\/\/www.mariusdomingo.com\/altacapa\/index.php?rest_route=\/wp\/v2\/users\/3"}],"replies":[{"embeddable":true,"href":"https:\/\/www.mariusdomingo.com\/altacapa\/index.php?rest_route=%2Fwp%2Fv2%2Fcomments&post=12930"}],"version-history":[{"count":2,"href":"https:\/\/www.mariusdomingo.com\/altacapa\/index.php?rest_route=\/wp\/v2\/posts\/12930\/revisions"}],"predecessor-version":[{"id":12935,"href":"https:\/\/www.mariusdomingo.com\/altacapa\/index.php?rest_route=\/wp\/v2\/posts\/12930\/revisions\/12935"}],"wp:attachment":[{"href":"https:\/\/www.mariusdomingo.com\/altacapa\/index.php?rest_route=%2Fwp%2Fv2%2Fmedia&parent=12930"}],"wp:term":[{"taxonomy":"category","embeddable":true,"href":"https:\/\/www.mariusdomingo.com\/altacapa\/index.php?rest_route=%2Fwp%2Fv2%2Fcategories&post=12930"},{"taxonomy":"post_tag","embeddable":true,"href":"https:\/\/www.mariusdomingo.com\/altacapa\/index.php?rest_route=%2Fwp%2Fv2%2Ftags&post=12930"}],"curies":[{"name":"wp","href":"https:\/\/api.w.org\/{rel}","templated":true}]}}