{"id":13043,"date":"2016-04-10T23:29:52","date_gmt":"2016-04-10T22:29:52","guid":{"rendered":"http:\/\/www.mariusdomingo.com\/altacapa\/?p=13043"},"modified":"2016-04-10T23:33:14","modified_gmt":"2016-04-10T22:33:14","slug":"camil%c2%b7la-perez-pera-lutum","status":"publish","type":"post","link":"https:\/\/www.mariusdomingo.com\/altacapa\/?p=13043","title":{"rendered":"Camil\u00b7la P\u00e9rez | Opera Lutum"},"content":{"rendered":"<p><a href=\"http:\/\/www.mariusdomingo.com\/altacapa\/img_blog\/camil\u00b7la-perez-_-opera-lutum-0.jpg\"><img loading=\"lazy\" decoding=\"async\" class=\"alignnone  wp-image-13044\" alt=\"camil\u00b7la perez _ opera lutum 0\" src=\"http:\/\/www.mariusdomingo.com\/altacapa\/img_blog\/camil\u00b7la-perez-_-opera-lutum-0.jpg\" width=\"614\" height=\"461\" srcset=\"https:\/\/www.mariusdomingo.com\/altacapa\/img_blog\/camil\u00b7la-perez-_-opera-lutum-0.jpg 1024w, https:\/\/www.mariusdomingo.com\/altacapa\/img_blog\/camil\u00b7la-perez-_-opera-lutum-0-300x225.jpg 300w\" sizes=\"(max-width: 614px) 100vw, 614px\" \/><\/a><\/p>\n<p><a href=\"http:\/\/www.mariusdomingo.com\/altacapa\/img_blog\/camil\u00b7la-perez-_-opera-lutum-1.jpg\"><img loading=\"lazy\" decoding=\"async\" class=\"alignnone  wp-image-13045\" alt=\"camil\u00b7la perez _ opera lutum 1\" src=\"http:\/\/www.mariusdomingo.com\/altacapa\/img_blog\/camil\u00b7la-perez-_-opera-lutum-1.jpg\" width=\"590\" height=\"442\" srcset=\"https:\/\/www.mariusdomingo.com\/altacapa\/img_blog\/camil\u00b7la-perez-_-opera-lutum-1.jpg 1024w, https:\/\/www.mariusdomingo.com\/altacapa\/img_blog\/camil\u00b7la-perez-_-opera-lutum-1-300x225.jpg 300w\" sizes=\"(max-width: 590px) 100vw, 590px\" \/><\/a><\/p>\n<p><a href=\"http:\/\/www.mariusdomingo.com\/altacapa\/img_blog\/camil\u00b7la-perez-_-opera-lutum-2.jpg\"><img loading=\"lazy\" decoding=\"async\" class=\"alignnone size-full wp-image-13046\" alt=\"camil\u00b7la perez _ opera lutum 2\" src=\"http:\/\/www.mariusdomingo.com\/altacapa\/img_blog\/camil\u00b7la-perez-_-opera-lutum-2.jpg\" width=\"448\" height=\"336\" srcset=\"https:\/\/www.mariusdomingo.com\/altacapa\/img_blog\/camil\u00b7la-perez-_-opera-lutum-2.jpg 448w, https:\/\/www.mariusdomingo.com\/altacapa\/img_blog\/camil\u00b7la-perez-_-opera-lutum-2-300x224.jpg 300w\" sizes=\"(max-width: 448px) 100vw, 448px\" \/><\/a><\/p>\n<p>Inauguraci\u00f3 d&#8217;<em>Opera Lutum<\/em>, una de les mostres de cer\u00e0mica m\u00e9s rodones de la ceramista <a href=\"http:\/\/www.camillaperez.com\/\" target=\"_blank\">Camil\u00b7la P\u00e9rez<\/a>.<\/p>\n<p>En <em>\u00bfC\u00f3mo mueren los objetos? ideas sobre la est\u00e9tica en el objeto de uso<\/em> (Universidad Nacional de Colombia, 2011), David Esteban Rodr\u00edguez Villate sintetitza els tres valors o dimensions dels objectes: un valor o dimensi\u00f3 f\u00edsica (que respon als est\u00edmuls sensorials), un valor o dimensi\u00f3 pr\u00e0ctica (usabilitat) i un valor o dimensi\u00f3 simb\u00f2lica (on trobem els continguts de significaci\u00f3 social, personal, moral o \u00e8tica).<\/p>\n<p>Camil\u00b7la P\u00e9rez destil\u00b7la les tres dimensions dels objectes i els sintetitza en peces evocadores, contundents, fr\u00e0gils, molt madures i pensades per\u00f2 tamb\u00e9 amb un punt d&#8217;expontane\u00eftat. Una dimensi\u00f3 f\u00edsica que ens acosta a peces cer\u00e0miques que podrien ser de ferro, fusta o vidre, amb qualitats sensorials perceptibles al tacte, a l&#8217;o\u00efda, a la vista, fins i tot al gust si pogu\u00e9ssim beure aigua amb alguna d&#8217;elles. La dimensi\u00f3 pr\u00e0ctica est\u00e0 evocada en la hist\u00f2ria secreta que acompanya cada obra: oficis artesans pr\u00e0cticament oblidats, tasques agr\u00e0ries ancestrals, feines dom\u00e8stiques en des\u00fas. I finalment una dimensi\u00f3 simb\u00f2lica patent en l&#8217;evocaci\u00f3 de calzes, sagraris o lipsanoteques situades respectuosament sobre l&#8217;altar de la capella, o els estris i eines que &#8220;simbolitzen&#8221; un estil de vida tranquil i pr\u00f2xim, on l&#8217;objecte i la m\u00e0 formaven una unitat. Objectes fr\u00e0gils, com la nostra mem\u00f2ria, com el que som, com la pr\u00f2pia vida. Objectes que ens acompanyen, que sobreviuen a mudances, a separacions, a oblits, que van de m\u00e0 en m\u00e0 i finalment estan aqu\u00ed, davant nostre.<\/p>\n<p><a href=\"http:\/\/www.mariusdomingo.com\/altacapa\/img_blog\/camil\u00b7la-perez-_-opera-lutum-4.jpg\"><img loading=\"lazy\" decoding=\"async\" class=\"alignnone  wp-image-13047\" alt=\"camil\u00b7la perez _ opera lutum 4\" src=\"http:\/\/www.mariusdomingo.com\/altacapa\/img_blog\/camil\u00b7la-perez-_-opera-lutum-4.jpg\" width=\"614\" height=\"461\" srcset=\"https:\/\/www.mariusdomingo.com\/altacapa\/img_blog\/camil\u00b7la-perez-_-opera-lutum-4.jpg 1024w, https:\/\/www.mariusdomingo.com\/altacapa\/img_blog\/camil\u00b7la-perez-_-opera-lutum-4-300x225.jpg 300w\" sizes=\"(max-width: 614px) 100vw, 614px\" \/><\/a><\/p>\n<p>[Capella de Sant Joan | Pla\u00e7a de la Vila | Vilafranca del Pened\u00e8s][del 9 d&#8217;abril al 15 de maig de 2016]<\/p>\n","protected":false},"excerpt":{"rendered":"<p>Inauguraci\u00f3 d&#8217;Opera Lutum, una de les mostres de cer\u00e0mica m\u00e9s rodones de la ceramista Camil\u00b7la P\u00e9rez. En \u00bfC\u00f3mo mueren los objetos? ideas sobre la est\u00e9tica en el objeto de uso (Universidad Nacional de Colombia, 2011), David Esteban Rodr\u00edguez Villate sintetitza els tres valors o dimensions dels objectes: un valor o dimensi\u00f3 f\u00edsica (que respon als&#8230;<\/p>\n","protected":false},"author":3,"featured_media":0,"comment_status":"open","ping_status":"open","sticky":false,"template":"","format":"standard","meta":{"footnotes":""},"categories":[39,19],"tags":[],"_links":{"self":[{"href":"https:\/\/www.mariusdomingo.com\/altacapa\/index.php?rest_route=\/wp\/v2\/posts\/13043"}],"collection":[{"href":"https:\/\/www.mariusdomingo.com\/altacapa\/index.php?rest_route=\/wp\/v2\/posts"}],"about":[{"href":"https:\/\/www.mariusdomingo.com\/altacapa\/index.php?rest_route=\/wp\/v2\/types\/post"}],"author":[{"embeddable":true,"href":"https:\/\/www.mariusdomingo.com\/altacapa\/index.php?rest_route=\/wp\/v2\/users\/3"}],"replies":[{"embeddable":true,"href":"https:\/\/www.mariusdomingo.com\/altacapa\/index.php?rest_route=%2Fwp%2Fv2%2Fcomments&post=13043"}],"version-history":[{"count":6,"href":"https:\/\/www.mariusdomingo.com\/altacapa\/index.php?rest_route=\/wp\/v2\/posts\/13043\/revisions"}],"predecessor-version":[{"id":13053,"href":"https:\/\/www.mariusdomingo.com\/altacapa\/index.php?rest_route=\/wp\/v2\/posts\/13043\/revisions\/13053"}],"wp:attachment":[{"href":"https:\/\/www.mariusdomingo.com\/altacapa\/index.php?rest_route=%2Fwp%2Fv2%2Fmedia&parent=13043"}],"wp:term":[{"taxonomy":"category","embeddable":true,"href":"https:\/\/www.mariusdomingo.com\/altacapa\/index.php?rest_route=%2Fwp%2Fv2%2Fcategories&post=13043"},{"taxonomy":"post_tag","embeddable":true,"href":"https:\/\/www.mariusdomingo.com\/altacapa\/index.php?rest_route=%2Fwp%2Fv2%2Ftags&post=13043"}],"curies":[{"name":"wp","href":"https:\/\/api.w.org\/{rel}","templated":true}]}}