{"id":13439,"date":"2016-06-28T21:48:18","date_gmt":"2016-06-28T20:48:18","guid":{"rendered":"http:\/\/www.mariusdomingo.com\/altacapa\/?p=13439"},"modified":"2016-06-28T22:23:35","modified_gmt":"2016-06-28T21:23:35","slug":"museu-dhistoria-de-catalunya","status":"publish","type":"post","link":"https:\/\/www.mariusdomingo.com\/altacapa\/?p=13439","title":{"rendered":"Museu d&#8217;Hist\u00f2ria de Catalunya"},"content":{"rendered":"<p><a href=\"http:\/\/www.mariusdomingo.com\/altacapa\/img_blog\/sessio-de-treball-al-museu-dhistoria-de-catalunya.jpg\"><img loading=\"lazy\" decoding=\"async\" class=\"alignnone  wp-image-13451\" alt=\"sessio de treball al museu d'historia de catalunya\" src=\"http:\/\/www.mariusdomingo.com\/altacapa\/img_blog\/sessio-de-treball-al-museu-dhistoria-de-catalunya.jpg\" width=\"448\" height=\"336\" srcset=\"https:\/\/www.mariusdomingo.com\/altacapa\/img_blog\/sessio-de-treball-al-museu-dhistoria-de-catalunya.jpg 640w, https:\/\/www.mariusdomingo.com\/altacapa\/img_blog\/sessio-de-treball-al-museu-dhistoria-de-catalunya-300x225.jpg 300w\" sizes=\"(max-width: 448px) 100vw, 448px\" \/><\/a><\/p>\n<p>Avui jornada de treball al Museu d&#8217;Hist\u00f2ria de Catalunya, amb Griselda Aixal\u00e0, de l&#8217;equip hum\u00e0 d&#8217;acci\u00f3 cultural i educativa d&#8217;aquest museu. Un plaer.<\/p>\n<p><a href=\"http:\/\/www.mariusdomingo.com\/altacapa\/img_blog\/museu-historia-de-catalunya-e1467147819149.jpg\"><img loading=\"lazy\" decoding=\"async\" class=\"alignnone  wp-image-13448\" alt=\"museu historia de catalunya\" src=\"http:\/\/www.mariusdomingo.com\/altacapa\/img_blog\/museu-historia-de-catalunya-e1467147819149.jpg\" width=\"384\" height=\"454\" srcset=\"https:\/\/www.mariusdomingo.com\/altacapa\/img_blog\/museu-historia-de-catalunya-e1467147819149.jpg 480w, https:\/\/www.mariusdomingo.com\/altacapa\/img_blog\/museu-historia-de-catalunya-e1467147819149-253x300.jpg 253w\" sizes=\"(max-width: 384px) 100vw, 384px\" \/><\/a><\/p>\n<p>Una llarga visita a les diferents sales del Museu, sorpreses molt agradables, com descobrir la Mare de D\u00e9u d&#8217;Olopte (Esgl\u00e9sia parroquial de St. Pere d&#8217;Olopte, Is\u00f2vol, la Cerdanya), del segle XII. Bons records de les mini vacances a Olopte fa tres anys.<\/p>\n<p><a href=\"http:\/\/www.mariusdomingo.com\/altacapa\/img_blog\/mare-de-d\u00e9u-dolopte-e1467146873235.jpg\"><img loading=\"lazy\" decoding=\"async\" class=\"alignnone  wp-image-13441\" alt=\"mare de d\u00e9u d'olopte\" src=\"http:\/\/www.mariusdomingo.com\/altacapa\/img_blog\/mare-de-d\u00e9u-dolopte-e1467146873235.jpg\" width=\"432\" height=\"576\" srcset=\"https:\/\/www.mariusdomingo.com\/altacapa\/img_blog\/mare-de-d\u00e9u-dolopte-e1467146873235.jpg 480w, https:\/\/www.mariusdomingo.com\/altacapa\/img_blog\/mare-de-d\u00e9u-dolopte-e1467146873235-225x300.jpg 225w\" sizes=\"(max-width: 432px) 100vw, 432px\" \/><\/a><\/p>\n<p>I finalment un \u00e0pat en bona companyia.<\/p>\n<p><a href=\"http:\/\/www.mariusdomingo.com\/altacapa\/img_blog\/sagardi-e1467147420645.jpg\"><img loading=\"lazy\" decoding=\"async\" class=\"alignnone  wp-image-13444\" alt=\"sagardi\" src=\"http:\/\/www.mariusdomingo.com\/altacapa\/img_blog\/sagardi-e1467147420645.jpg\" width=\"336\" height=\"396\" srcset=\"https:\/\/www.mariusdomingo.com\/altacapa\/img_blog\/sagardi-e1467147420645.jpg 480w, https:\/\/www.mariusdomingo.com\/altacapa\/img_blog\/sagardi-e1467147420645-254x300.jpg 254w\" sizes=\"(max-width: 336px) 100vw, 336px\" \/><\/a><\/p>\n<p><a href=\"http:\/\/www.mariusdomingo.com\/altacapa\/img_blog\/sagardi-postres.jpg\"><img loading=\"lazy\" decoding=\"async\" class=\"alignnone  wp-image-13445\" alt=\"sagardi postres\" src=\"http:\/\/www.mariusdomingo.com\/altacapa\/img_blog\/sagardi-postres.jpg\" width=\"384\" height=\"288\" srcset=\"https:\/\/www.mariusdomingo.com\/altacapa\/img_blog\/sagardi-postres.jpg 640w, https:\/\/www.mariusdomingo.com\/altacapa\/img_blog\/sagardi-postres-300x225.jpg 300w\" sizes=\"(max-width: 384px) 100vw, 384px\" \/><\/a><\/p>\n","protected":false},"excerpt":{"rendered":"<p>Avui jornada de treball al Museu d&#8217;Hist\u00f2ria de Catalunya, amb Griselda Aixal\u00e0, de l&#8217;equip hum\u00e0 d&#8217;acci\u00f3 cultural i educativa d&#8217;aquest museu. Un plaer. Una llarga visita a les diferents sales del Museu, sorpreses molt agradables, com descobrir la Mare de D\u00e9u d&#8217;Olopte (Esgl\u00e9sia parroquial de St. Pere d&#8217;Olopte, Is\u00f2vol, la Cerdanya), del segle XII. Bons&#8230;<\/p>\n","protected":false},"author":3,"featured_media":0,"comment_status":"open","ping_status":"open","sticky":false,"template":"","format":"standard","meta":{"footnotes":""},"categories":[13,31],"tags":[],"_links":{"self":[{"href":"https:\/\/www.mariusdomingo.com\/altacapa\/index.php?rest_route=\/wp\/v2\/posts\/13439"}],"collection":[{"href":"https:\/\/www.mariusdomingo.com\/altacapa\/index.php?rest_route=\/wp\/v2\/posts"}],"about":[{"href":"https:\/\/www.mariusdomingo.com\/altacapa\/index.php?rest_route=\/wp\/v2\/types\/post"}],"author":[{"embeddable":true,"href":"https:\/\/www.mariusdomingo.com\/altacapa\/index.php?rest_route=\/wp\/v2\/users\/3"}],"replies":[{"embeddable":true,"href":"https:\/\/www.mariusdomingo.com\/altacapa\/index.php?rest_route=%2Fwp%2Fv2%2Fcomments&post=13439"}],"version-history":[{"count":8,"href":"https:\/\/www.mariusdomingo.com\/altacapa\/index.php?rest_route=\/wp\/v2\/posts\/13439\/revisions"}],"predecessor-version":[{"id":13457,"href":"https:\/\/www.mariusdomingo.com\/altacapa\/index.php?rest_route=\/wp\/v2\/posts\/13439\/revisions\/13457"}],"wp:attachment":[{"href":"https:\/\/www.mariusdomingo.com\/altacapa\/index.php?rest_route=%2Fwp%2Fv2%2Fmedia&parent=13439"}],"wp:term":[{"taxonomy":"category","embeddable":true,"href":"https:\/\/www.mariusdomingo.com\/altacapa\/index.php?rest_route=%2Fwp%2Fv2%2Fcategories&post=13439"},{"taxonomy":"post_tag","embeddable":true,"href":"https:\/\/www.mariusdomingo.com\/altacapa\/index.php?rest_route=%2Fwp%2Fv2%2Ftags&post=13439"}],"curies":[{"name":"wp","href":"https:\/\/api.w.org\/{rel}","templated":true}]}}