{"id":13484,"date":"2016-06-30T23:58:10","date_gmt":"2016-06-30T22:58:10","guid":{"rendered":"http:\/\/www.mariusdomingo.com\/altacapa\/?p=13484"},"modified":"2016-07-01T00:02:50","modified_gmt":"2016-06-30T23:02:50","slug":"antonio-salcedo-petit-homenatge","status":"publish","type":"post","link":"https:\/\/www.mariusdomingo.com\/altacapa\/?p=13484","title":{"rendered":"Antonio Salcedo | petit homenatge"},"content":{"rendered":"<p><a href=\"http:\/\/www.mariusdomingo.com\/altacapa\/img_blog\/antonio-salcedo-1.jpg\"><img loading=\"lazy\" decoding=\"async\" class=\"alignnone  wp-image-13485\" alt=\"antonio salcedo 1\" src=\"http:\/\/www.mariusdomingo.com\/altacapa\/img_blog\/antonio-salcedo-1.jpg\" width=\"512\" height=\"384\" srcset=\"https:\/\/www.mariusdomingo.com\/altacapa\/img_blog\/antonio-salcedo-1.jpg 640w, https:\/\/www.mariusdomingo.com\/altacapa\/img_blog\/antonio-salcedo-1-300x225.jpg 300w\" sizes=\"(max-width: 512px) 100vw, 512px\" \/><\/a><\/p>\n<p>Doncs l&#8217;historiador i cr\u00edtic d&#8217;art \u2014i bon amic\u2014 Antonio Salcedo es jubila, qu\u00e8 hi farem! La URV el trobar\u00e0 a faltar, per\u00f2 <em>naltrus<\/em> l&#8217;estirarem amb col\u00b7laboracions i treballs. Aquesta tarda li hem fet un petit homenatge al <a href=\"http:\/\/www.diputaciodetarragona.cat\/mamt\/\" target=\"_blank\">MAMT<\/a>, gens institucional, la veritat, per\u00f2 sincer i de tot cor.<\/p>\n<p><a href=\"http:\/\/www.mariusdomingo.com\/altacapa\/img_blog\/antonio-salcedo-2.jpg\"><img loading=\"lazy\" decoding=\"async\" class=\"alignnone  wp-image-13486\" alt=\"antonio salcedo 2\" src=\"http:\/\/www.mariusdomingo.com\/altacapa\/img_blog\/antonio-salcedo-2-1024x768.jpg\" width=\"430\" height=\"323\" srcset=\"https:\/\/www.mariusdomingo.com\/altacapa\/img_blog\/antonio-salcedo-2-1024x768.jpg 1024w, https:\/\/www.mariusdomingo.com\/altacapa\/img_blog\/antonio-salcedo-2-300x225.jpg 300w, https:\/\/www.mariusdomingo.com\/altacapa\/img_blog\/antonio-salcedo-2.jpg 1280w\" sizes=\"(max-width: 430px) 100vw, 430px\" \/><\/a><\/p>\n<p>Una gran sopar amb tots els amics. M&#8217;encanta aquest pa\u00eds: de seguida ens entaulem i fem petar la xerrada. Gr\u00e0cies companys, ho he passat molt b\u00e9.<\/p>\n<p><a href=\"http:\/\/www.mariusdomingo.com\/altacapa\/img_blog\/restaurant-complet-e1467327343156.jpg\"><img loading=\"lazy\" decoding=\"async\" class=\"alignnone  wp-image-13487\" alt=\"restaurant complet\" src=\"http:\/\/www.mariusdomingo.com\/altacapa\/img_blog\/restaurant-complet-e1467327343156.jpg\" width=\"288\" height=\"384\" srcset=\"https:\/\/www.mariusdomingo.com\/altacapa\/img_blog\/restaurant-complet-e1467327343156.jpg 480w, https:\/\/www.mariusdomingo.com\/altacapa\/img_blog\/restaurant-complet-e1467327343156-225x300.jpg 225w\" sizes=\"(max-width: 288px) 100vw, 288px\" \/><\/a><\/p>\n<p><a href=\"http:\/\/www.mariusdomingo.com\/altacapa\/img_blog\/antonio-salcedo-3.jpg\"><img loading=\"lazy\" decoding=\"async\" class=\"alignnone  wp-image-13488\" alt=\"antonio salcedo 3\" src=\"http:\/\/www.mariusdomingo.com\/altacapa\/img_blog\/antonio-salcedo-3.jpg\" width=\"448\" height=\"336\" srcset=\"https:\/\/www.mariusdomingo.com\/altacapa\/img_blog\/antonio-salcedo-3.jpg 640w, https:\/\/www.mariusdomingo.com\/altacapa\/img_blog\/antonio-salcedo-3-300x225.jpg 300w\" sizes=\"(max-width: 448px) 100vw, 448px\" \/><\/a><\/p>\n","protected":false},"excerpt":{"rendered":"<p>Doncs l&#8217;historiador i cr\u00edtic d&#8217;art \u2014i bon amic\u2014 Antonio Salcedo es jubila, qu\u00e8 hi farem! La URV el trobar\u00e0 a faltar, per\u00f2 naltrus l&#8217;estirarem amb col\u00b7laboracions i treballs. Aquesta tarda li hem fet un petit homenatge al MAMT, gens institucional, la veritat, per\u00f2 sincer i de tot cor. Una gran sopar amb tots els amics&#8230;.<\/p>\n","protected":false},"author":3,"featured_media":0,"comment_status":"open","ping_status":"open","sticky":false,"template":"","format":"standard","meta":{"footnotes":""},"categories":[48,31],"tags":[],"_links":{"self":[{"href":"https:\/\/www.mariusdomingo.com\/altacapa\/index.php?rest_route=\/wp\/v2\/posts\/13484"}],"collection":[{"href":"https:\/\/www.mariusdomingo.com\/altacapa\/index.php?rest_route=\/wp\/v2\/posts"}],"about":[{"href":"https:\/\/www.mariusdomingo.com\/altacapa\/index.php?rest_route=\/wp\/v2\/types\/post"}],"author":[{"embeddable":true,"href":"https:\/\/www.mariusdomingo.com\/altacapa\/index.php?rest_route=\/wp\/v2\/users\/3"}],"replies":[{"embeddable":true,"href":"https:\/\/www.mariusdomingo.com\/altacapa\/index.php?rest_route=%2Fwp%2Fv2%2Fcomments&post=13484"}],"version-history":[{"count":5,"href":"https:\/\/www.mariusdomingo.com\/altacapa\/index.php?rest_route=\/wp\/v2\/posts\/13484\/revisions"}],"predecessor-version":[{"id":13493,"href":"https:\/\/www.mariusdomingo.com\/altacapa\/index.php?rest_route=\/wp\/v2\/posts\/13484\/revisions\/13493"}],"wp:attachment":[{"href":"https:\/\/www.mariusdomingo.com\/altacapa\/index.php?rest_route=%2Fwp%2Fv2%2Fmedia&parent=13484"}],"wp:term":[{"taxonomy":"category","embeddable":true,"href":"https:\/\/www.mariusdomingo.com\/altacapa\/index.php?rest_route=%2Fwp%2Fv2%2Fcategories&post=13484"},{"taxonomy":"post_tag","embeddable":true,"href":"https:\/\/www.mariusdomingo.com\/altacapa\/index.php?rest_route=%2Fwp%2Fv2%2Ftags&post=13484"}],"curies":[{"name":"wp","href":"https:\/\/api.w.org\/{rel}","templated":true}]}}