{"id":1385,"date":"2008-06-27T21:33:45","date_gmt":"2008-06-27T20:33:45","guid":{"rendered":"http:\/\/www.mariusdomingo.com\/altacapa\/?p=1385"},"modified":"2008-06-27T21:33:45","modified_gmt":"2008-06-27T20:33:45","slug":"preu-i-valor","status":"publish","type":"post","link":"https:\/\/www.mariusdomingo.com\/altacapa\/?p=1385","title":{"rendered":"Preu i valor"},"content":{"rendered":"<p><img decoding=\"async\" id=\"image1384\" alt=\"petro_vs_refresco.jpg\" src=\"http:\/\/www.mariusdomingo.com\/altacapa\/wp-content\/petro_vs_refresco.jpg\" \/><\/p>\n<p>Article de Mariano Marzo en <em>La Vanguardia<\/em> &#8211;fa uns dies&#8211; on parla del valor i el preu del petroli. Aquestes setmanes que vaig quasi cada dia a Barcelona en cotxe (100 Km), sense possibilitat d&#8217;anar en transport p\u00fablic (vaig a la Zona Franca molt aviat) he pensat for\u00e7a en tot aix\u00f2 del petroli.<br \/>\n<em><em>(\u2026) En buena l\u00f3gica, el petr\u00f3leo a los precios actuales no puede considerarse caro. Otra cosa muy distinta es que necesitamos desesperadamente que los costes del petr\u00f3leo se mantengan a unos niveles escandalosamente bajos para que nuestro sistema social y econ\u00f3mico no se derrumbe como un castillo de naipes. La sentencia de Antonio Machado &#8220;todo necio confunde valor y precio&#8221; parece venir como anillo al dedo.<\/em><\/em><\/p>\n<p><em><em>(\u2026) har\u00edamos bien en planificar nuestro futuro asumiendo que el barril no descender\u00e1 de los 100 d\u00f3lares. Ha llegado el momento de que nuestro modelo de crecimiento se someta a una estricta dieta de crudo.<\/em><\/em><\/p>\n<p>[L&#8217;article complert i la imatge es poden trobar <a href=\"http:\/\/www.crisisenergetica.org\/article.php?story=20080624205900733\">aqu\u00ed<\/a>]<\/p>\n","protected":false},"excerpt":{"rendered":"<p>Article de Mariano Marzo en La Vanguardia &#8211;fa uns dies&#8211; on parla del valor i el preu del petroli. Aquestes setmanes que vaig quasi cada dia a Barcelona en cotxe (100 Km), sense possibilitat d&#8217;anar en transport p\u00fablic (vaig a la Zona Franca molt aviat) he pensat for\u00e7a en tot aix\u00f2 del petroli. (\u2026) En&#8230;<\/p>\n","protected":false},"author":3,"featured_media":0,"comment_status":"open","ping_status":"open","sticky":false,"template":"","format":"standard","meta":{"footnotes":""},"categories":[17,10],"tags":[],"_links":{"self":[{"href":"https:\/\/www.mariusdomingo.com\/altacapa\/index.php?rest_route=\/wp\/v2\/posts\/1385"}],"collection":[{"href":"https:\/\/www.mariusdomingo.com\/altacapa\/index.php?rest_route=\/wp\/v2\/posts"}],"about":[{"href":"https:\/\/www.mariusdomingo.com\/altacapa\/index.php?rest_route=\/wp\/v2\/types\/post"}],"author":[{"embeddable":true,"href":"https:\/\/www.mariusdomingo.com\/altacapa\/index.php?rest_route=\/wp\/v2\/users\/3"}],"replies":[{"embeddable":true,"href":"https:\/\/www.mariusdomingo.com\/altacapa\/index.php?rest_route=%2Fwp%2Fv2%2Fcomments&post=1385"}],"version-history":[{"count":0,"href":"https:\/\/www.mariusdomingo.com\/altacapa\/index.php?rest_route=\/wp\/v2\/posts\/1385\/revisions"}],"wp:attachment":[{"href":"https:\/\/www.mariusdomingo.com\/altacapa\/index.php?rest_route=%2Fwp%2Fv2%2Fmedia&parent=1385"}],"wp:term":[{"taxonomy":"category","embeddable":true,"href":"https:\/\/www.mariusdomingo.com\/altacapa\/index.php?rest_route=%2Fwp%2Fv2%2Fcategories&post=1385"},{"taxonomy":"post_tag","embeddable":true,"href":"https:\/\/www.mariusdomingo.com\/altacapa\/index.php?rest_route=%2Fwp%2Fv2%2Ftags&post=1385"}],"curies":[{"name":"wp","href":"https:\/\/api.w.org\/{rel}","templated":true}]}}