{"id":13904,"date":"2016-09-11T19:50:06","date_gmt":"2016-09-11T18:50:06","guid":{"rendered":"http:\/\/www.mariusdomingo.com\/altacapa\/?p=13904"},"modified":"2016-09-11T21:56:44","modified_gmt":"2016-09-11T20:56:44","slug":"barcelona-des-de-la-finestra","status":"publish","type":"post","link":"https:\/\/www.mariusdomingo.com\/altacapa\/?p=13904","title":{"rendered":"Barcelona | des de la finestra"},"content":{"rendered":"<p><a href=\"http:\/\/www.mariusdomingo.com\/altacapa\/img_blog\/barcelona-des-de-la-finestra-set-2016-e1473618381199.jpg\"><img loading=\"lazy\" decoding=\"async\" class=\"alignnone  wp-image-13907\" alt=\"barcelona des de la finestra set 2016\" src=\"http:\/\/www.mariusdomingo.com\/altacapa\/img_blog\/barcelona-des-de-la-finestra-set-2016-e1473618381199.jpg\" width=\"432\" height=\"576\" srcset=\"https:\/\/www.mariusdomingo.com\/altacapa\/img_blog\/barcelona-des-de-la-finestra-set-2016-e1473618381199.jpg 480w, https:\/\/www.mariusdomingo.com\/altacapa\/img_blog\/barcelona-des-de-la-finestra-set-2016-e1473618381199-225x300.jpg 225w\" sizes=\"(max-width: 432px) 100vw, 432px\" \/><\/a><\/p>\n<p>Tant senzill com dir divendres a l&#8217;hora de dinar: &#8220;podr\u00edem anar dem\u00e0 a BCN a veure <em>Punk<\/em>, l&#8217;expo que comissaria l&#8217;amic David G.Torres i passar all\u00ed la Diada&#8221;. Dit i fet. Entrar en <em>Atrapalo<\/em>, reservar dues nits d&#8217;hotel, comprar entrades pel teatre, passar per casa per agafar el carregador del m\u00f2bil, dues peces de roba i el raspall de dents&#8230; Suposo que aix\u00f2 \u00e9s el m\u00f3n 3.0.<\/p>\n<p><a href=\"http:\/\/www.mariusdomingo.com\/altacapa\/img_blog\/punk-els-seus-rastres-en-lart-contemporani-e1473618701574.jpg\"><img loading=\"lazy\" decoding=\"async\" class=\"alignnone  wp-image-13908\" alt=\"punk els seus rastres en l'art contemporani\" src=\"http:\/\/www.mariusdomingo.com\/altacapa\/img_blog\/punk-els-seus-rastres-en-lart-contemporani-e1473618701574.jpg\" width=\"384\" height=\"402\" srcset=\"https:\/\/www.mariusdomingo.com\/altacapa\/img_blog\/punk-els-seus-rastres-en-lart-contemporani-e1473618701574.jpg 480w, https:\/\/www.mariusdomingo.com\/altacapa\/img_blog\/punk-els-seus-rastres-en-lart-contemporani-e1473618701574-286x300.jpg 286w\" sizes=\"(max-width: 384px) 100vw, 384px\" \/><\/a><\/p>\n<p><em>Punk. Els seus rastres en l&#8217;art contemporani<\/em>, que es pot veure en el MACBA fins a finals de mes, mereix una visita atenta. L&#8217;exposici\u00f3 explica molt b\u00e9 que ha passat amb el Punk, quines influ\u00e8ncies ha tingut i tamb\u00e9 com va sorgir. Ben contextualitzat, documentat i presentat amb claredat i rigor.<\/p>\n<p><a href=\"http:\/\/www.mariusdomingo.com\/altacapa\/img_blog\/quan-acabi-la-nit-_-teatre-tantarantana-_-setembre-20161-e1473619316656.jpg\"><img loading=\"lazy\" decoding=\"async\" class=\"alignnone size-full wp-image-13911\" alt=\"quan acabi la nit _ teatre tantarantana _ setembre 2016\" src=\"http:\/\/www.mariusdomingo.com\/altacapa\/img_blog\/quan-acabi-la-nit-_-teatre-tantarantana-_-setembre-20161-e1473619316656.jpg\" width=\"480\" height=\"516\" srcset=\"https:\/\/www.mariusdomingo.com\/altacapa\/img_blog\/quan-acabi-la-nit-_-teatre-tantarantana-_-setembre-20161-e1473619316656.jpg 480w, https:\/\/www.mariusdomingo.com\/altacapa\/img_blog\/quan-acabi-la-nit-_-teatre-tantarantana-_-setembre-20161-e1473619316656-279x300.jpg 279w\" sizes=\"(max-width: 480px) 100vw, 480px\" \/><\/a><\/p>\n<p><a href=\"http:\/\/www.mariusdomingo.com\/altacapa\/img_blog\/quan-acabi-la-nit-_-teatre-tantarantana-_-setembre-2016-00-e1473619396314.jpg\"><img loading=\"lazy\" decoding=\"async\" class=\"alignnone size-full wp-image-13912\" alt=\"quan acabi la nit _ teatre tantarantana _ setembre 2016 00\" src=\"http:\/\/www.mariusdomingo.com\/altacapa\/img_blog\/quan-acabi-la-nit-_-teatre-tantarantana-_-setembre-2016-00-e1473619396314.jpg\" width=\"480\" height=\"435\" srcset=\"https:\/\/www.mariusdomingo.com\/altacapa\/img_blog\/quan-acabi-la-nit-_-teatre-tantarantana-_-setembre-2016-00-e1473619396314.jpg 480w, https:\/\/www.mariusdomingo.com\/altacapa\/img_blog\/quan-acabi-la-nit-_-teatre-tantarantana-_-setembre-2016-00-e1473619396314-300x271.jpg 300w\" sizes=\"(max-width: 480px) 100vw, 480px\" \/><\/a><\/p>\n<p>Adri\u00e0 Olay, Ar\u00e1ntzazu Ruiz i Jordi Sanosa es deixen la pell en<em> Quan acabi la nit <\/em>(direcci\u00f3 d&#8217;\u00c0urea M\u00e1rquez), en el <a href=\"http:\/\/www.tantarantana.com\/index.php\/ca\/\" target=\"_blank\">teatre Tantarantana<\/a>. Una reflexi\u00f3 sobre com fer que la vida valgui la pena si sabem que tenim els dies comptats. Una obra dura que et deixa pensatiu i t&#8217;emociona.<\/p>\n<p><a href=\"http:\/\/www.mariusdomingo.com\/altacapa\/img_blog\/nunes-e1473620004545.jpg\"><img loading=\"lazy\" decoding=\"async\" class=\"alignnone size-full wp-image-13915\" alt=\"nunes\" src=\"http:\/\/www.mariusdomingo.com\/altacapa\/img_blog\/nunes-e1473620004545.jpg\" width=\"480\" height=\"533\" srcset=\"https:\/\/www.mariusdomingo.com\/altacapa\/img_blog\/nunes-e1473620004545.jpg 480w, https:\/\/www.mariusdomingo.com\/altacapa\/img_blog\/nunes-e1473620004545-270x300.jpg 270w\" sizes=\"(max-width: 480px) 100vw, 480px\" \/><\/a><\/p>\n<p>Aquest mat\u00ed temps just per visitar la mostra <em>Nunes. M\u00e9s enll\u00e0 del temps<\/em>. Un cineasta brillant que sempre va treballar contracorrent. I despr\u00e9s a celebrar la Diada, dinar d&#8217;una revolada i cap a Tarragona, m\u00e9s Diada amb els amics.<\/p>\n<p><a href=\"http:\/\/www.mariusdomingo.com\/altacapa\/img_blog\/diada-2016-barcelona.jpg\"><img loading=\"lazy\" decoding=\"async\" class=\"alignnone  wp-image-13917\" alt=\"diada 2016 barcelona\" src=\"http:\/\/www.mariusdomingo.com\/altacapa\/img_blog\/diada-2016-barcelona.jpg\" width=\"448\" height=\"336\" srcset=\"https:\/\/www.mariusdomingo.com\/altacapa\/img_blog\/diada-2016-barcelona.jpg 640w, https:\/\/www.mariusdomingo.com\/altacapa\/img_blog\/diada-2016-barcelona-300x225.jpg 300w\" sizes=\"(max-width: 448px) 100vw, 448px\" \/><\/a><\/p>\n<p><a href=\"http:\/\/www.mariusdomingo.com\/altacapa\/img_blog\/diada-2016-tarragona.jpg\"><img loading=\"lazy\" decoding=\"async\" class=\"alignnone  wp-image-13918\" alt=\"diada 2016 tarragona\" src=\"http:\/\/www.mariusdomingo.com\/altacapa\/img_blog\/diada-2016-tarragona.jpg\" width=\"512\" height=\"384\" srcset=\"https:\/\/www.mariusdomingo.com\/altacapa\/img_blog\/diada-2016-tarragona.jpg 640w, https:\/\/www.mariusdomingo.com\/altacapa\/img_blog\/diada-2016-tarragona-300x225.jpg 300w\" sizes=\"(max-width: 512px) 100vw, 512px\" \/><\/a><\/p>\n<p><a href=\"http:\/\/www.mariusdomingo.com\/altacapa\/img_blog\/dinar-a-barcelona-diada-2016.jpg\"><img loading=\"lazy\" decoding=\"async\" class=\"alignnone  wp-image-13920\" alt=\"dinar a barcelona diada 2016\" src=\"http:\/\/www.mariusdomingo.com\/altacapa\/img_blog\/dinar-a-barcelona-diada-2016.jpg\" width=\"384\" height=\"288\" srcset=\"https:\/\/www.mariusdomingo.com\/altacapa\/img_blog\/dinar-a-barcelona-diada-2016.jpg 640w, https:\/\/www.mariusdomingo.com\/altacapa\/img_blog\/dinar-a-barcelona-diada-2016-300x225.jpg 300w\" sizes=\"(max-width: 384px) 100vw, 384px\" \/><\/a><\/p>\n","protected":false},"excerpt":{"rendered":"<p>Tant senzill com dir divendres a l&#8217;hora de dinar: &#8220;podr\u00edem anar dem\u00e0 a BCN a veure Punk, l&#8217;expo que comissaria l&#8217;amic David G.Torres i passar all\u00ed la Diada&#8221;. Dit i fet. Entrar en Atrapalo, reservar dues nits d&#8217;hotel, comprar entrades pel teatre, passar per casa per agafar el carregador del m\u00f2bil, dues peces de roba&#8230;<\/p>\n","protected":false},"author":3,"featured_media":0,"comment_status":"open","ping_status":"open","sticky":false,"template":"","format":"standard","meta":{"footnotes":""},"categories":[8,19,89],"tags":[],"_links":{"self":[{"href":"https:\/\/www.mariusdomingo.com\/altacapa\/index.php?rest_route=\/wp\/v2\/posts\/13904"}],"collection":[{"href":"https:\/\/www.mariusdomingo.com\/altacapa\/index.php?rest_route=\/wp\/v2\/posts"}],"about":[{"href":"https:\/\/www.mariusdomingo.com\/altacapa\/index.php?rest_route=\/wp\/v2\/types\/post"}],"author":[{"embeddable":true,"href":"https:\/\/www.mariusdomingo.com\/altacapa\/index.php?rest_route=\/wp\/v2\/users\/3"}],"replies":[{"embeddable":true,"href":"https:\/\/www.mariusdomingo.com\/altacapa\/index.php?rest_route=%2Fwp%2Fv2%2Fcomments&post=13904"}],"version-history":[{"count":11,"href":"https:\/\/www.mariusdomingo.com\/altacapa\/index.php?rest_route=\/wp\/v2\/posts\/13904\/revisions"}],"predecessor-version":[{"id":13926,"href":"https:\/\/www.mariusdomingo.com\/altacapa\/index.php?rest_route=\/wp\/v2\/posts\/13904\/revisions\/13926"}],"wp:attachment":[{"href":"https:\/\/www.mariusdomingo.com\/altacapa\/index.php?rest_route=%2Fwp%2Fv2%2Fmedia&parent=13904"}],"wp:term":[{"taxonomy":"category","embeddable":true,"href":"https:\/\/www.mariusdomingo.com\/altacapa\/index.php?rest_route=%2Fwp%2Fv2%2Fcategories&post=13904"},{"taxonomy":"post_tag","embeddable":true,"href":"https:\/\/www.mariusdomingo.com\/altacapa\/index.php?rest_route=%2Fwp%2Fv2%2Ftags&post=13904"}],"curies":[{"name":"wp","href":"https:\/\/api.w.org\/{rel}","templated":true}]}}