{"id":13999,"date":"2016-09-25T20:56:17","date_gmt":"2016-09-25T19:56:17","guid":{"rendered":"http:\/\/www.mariusdomingo.com\/altacapa\/?p=13999"},"modified":"2016-09-25T21:22:28","modified_gmt":"2016-09-25T20:22:28","slug":"reset-muntant-lexpo-2","status":"publish","type":"post","link":"https:\/\/www.mariusdomingo.com\/altacapa\/?p=13999","title":{"rendered":"Reset | Muntant l&#8217;expo"},"content":{"rendered":"<p><a href=\"http:\/\/www.mariusdomingo.com\/altacapa\/img_blog\/reset-muntant-lexpo.jpg\"><img loading=\"lazy\" decoding=\"async\" class=\"alignnone size-full wp-image-14000\" alt=\"reset muntant l'expo\" src=\"http:\/\/www.mariusdomingo.com\/altacapa\/img_blog\/reset-muntant-lexpo.jpg\" width=\"623\" height=\"480\" srcset=\"https:\/\/www.mariusdomingo.com\/altacapa\/img_blog\/reset-muntant-lexpo.jpg 623w, https:\/\/www.mariusdomingo.com\/altacapa\/img_blog\/reset-muntant-lexpo-300x231.jpg 300w\" sizes=\"(max-width: 623px) 100vw, 623px\" \/><\/a><\/p>\n<p>Cap de setmana de mutatge al centre d&#8217;art Lo Pati d&#8217;Amposta, amb Ester Ferrando i Diego Latorre, amb l&#8217;ajut inestimable d&#8217;Oriol Matamoros i Jaume Vidal. El proper dissabte 1, a les 8, inaugurem.<\/p>\n<p><a href=\"http:\/\/www.mariusdomingo.com\/altacapa\/img_blog\/delta-de-lebre-24-de-setembre-de-2016.jpg\"><img loading=\"lazy\" decoding=\"async\" class=\"alignnone  wp-image-14002\" alt=\"delta de l'ebre 24 de setembre de 2016\" src=\"http:\/\/www.mariusdomingo.com\/altacapa\/img_blog\/delta-de-lebre-24-de-setembre-de-2016.jpg\" width=\"614\" height=\"461\" srcset=\"https:\/\/www.mariusdomingo.com\/altacapa\/img_blog\/delta-de-lebre-24-de-setembre-de-2016.jpg 1024w, https:\/\/www.mariusdomingo.com\/altacapa\/img_blog\/delta-de-lebre-24-de-setembre-de-2016-300x225.jpg 300w\" sizes=\"(max-width: 614px) 100vw, 614px\" \/><\/a><\/p>\n<p><a href=\"http:\/\/www.mariusdomingo.com\/altacapa\/img_blog\/parc-natural-del-delta-de-lebre-set-2016.jpg\"><img loading=\"lazy\" decoding=\"async\" class=\"alignnone size-full wp-image-14003\" alt=\"parc natural del delta de l'ebre set 2016\" src=\"http:\/\/www.mariusdomingo.com\/altacapa\/img_blog\/parc-natural-del-delta-de-lebre-set-2016.jpg\" width=\"448\" height=\"336\" srcset=\"https:\/\/www.mariusdomingo.com\/altacapa\/img_blog\/parc-natural-del-delta-de-lebre-set-2016.jpg 448w, https:\/\/www.mariusdomingo.com\/altacapa\/img_blog\/parc-natural-del-delta-de-lebre-set-2016-300x224.jpg 300w\" sizes=\"(max-width: 448px) 100vw, 448px\" \/><\/a><\/p>\n<p><a href=\"http:\/\/www.mariusdomingo.com\/altacapa\/img_blog\/parc-natural-del-delta-de-lebre-set-2016-oo.jpg\"><img loading=\"lazy\" decoding=\"async\" class=\"alignnone  wp-image-14004\" alt=\"parc natural del delta de l'ebre set 2016 oo\" src=\"http:\/\/www.mariusdomingo.com\/altacapa\/img_blog\/parc-natural-del-delta-de-lebre-set-2016-oo.jpg\" width=\"645\" height=\"484\" srcset=\"https:\/\/www.mariusdomingo.com\/altacapa\/img_blog\/parc-natural-del-delta-de-lebre-set-2016-oo.jpg 1024w, https:\/\/www.mariusdomingo.com\/altacapa\/img_blog\/parc-natural-del-delta-de-lebre-set-2016-oo-300x225.jpg 300w\" sizes=\"(max-width: 645px) 100vw, 645px\" \/><\/a><\/p>\n<p>Tamb\u00e9 temps per explorar com arriba la tardor al Parc Natural del Delta de l&#8217;Ebre. Paisatge m\u00e0gic.<\/p>\n<p><a href=\"http:\/\/www.mariusdomingo.com\/altacapa\/img_blog\/taverna-del-mar1-e1474832742209.jpg\"><img loading=\"lazy\" decoding=\"async\" class=\"alignnone size-full wp-image-14001\" alt=\"taverna del mar\" src=\"http:\/\/www.mariusdomingo.com\/altacapa\/img_blog\/taverna-del-mar1-e1474832742209.jpg\" width=\"336\" height=\"421\" srcset=\"https:\/\/www.mariusdomingo.com\/altacapa\/img_blog\/taverna-del-mar1-e1474832742209.jpg 336w, https:\/\/www.mariusdomingo.com\/altacapa\/img_blog\/taverna-del-mar1-e1474832742209-239x300.jpg 239w\" sizes=\"(max-width: 336px) 100vw, 336px\" \/><\/a><\/p>\n<p>I la mestresa \u2014l&#8217;Elisabet Arques\u2014 de laTaverna del Mar, el meu restaurant de capcelera a Sant Carles de la R\u00e0pita, ens va fer un arr\u00f2s cald\u00f2s amb pop, escamarlans i carxofetes que feia saltar les ll\u00e0grimes de bo que estava.<\/p>\n","protected":false},"excerpt":{"rendered":"<p>Cap de setmana de mutatge al centre d&#8217;art Lo Pati d&#8217;Amposta, amb Ester Ferrando i Diego Latorre, amb l&#8217;ajut inestimable d&#8217;Oriol Matamoros i Jaume Vidal. El proper dissabte 1, a les 8, inaugurem. Tamb\u00e9 temps per explorar com arriba la tardor al Parc Natural del Delta de l&#8217;Ebre. Paisatge m\u00e0gic. I la mestresa \u2014l&#8217;Elisabet Arques\u2014&#8230;<\/p>\n","protected":false},"author":3,"featured_media":0,"comment_status":"open","ping_status":"open","sticky":false,"template":"","format":"standard","meta":{"footnotes":""},"categories":[48,19,89],"tags":[],"_links":{"self":[{"href":"https:\/\/www.mariusdomingo.com\/altacapa\/index.php?rest_route=\/wp\/v2\/posts\/13999"}],"collection":[{"href":"https:\/\/www.mariusdomingo.com\/altacapa\/index.php?rest_route=\/wp\/v2\/posts"}],"about":[{"href":"https:\/\/www.mariusdomingo.com\/altacapa\/index.php?rest_route=\/wp\/v2\/types\/post"}],"author":[{"embeddable":true,"href":"https:\/\/www.mariusdomingo.com\/altacapa\/index.php?rest_route=\/wp\/v2\/users\/3"}],"replies":[{"embeddable":true,"href":"https:\/\/www.mariusdomingo.com\/altacapa\/index.php?rest_route=%2Fwp%2Fv2%2Fcomments&post=13999"}],"version-history":[{"count":7,"href":"https:\/\/www.mariusdomingo.com\/altacapa\/index.php?rest_route=\/wp\/v2\/posts\/13999\/revisions"}],"predecessor-version":[{"id":14011,"href":"https:\/\/www.mariusdomingo.com\/altacapa\/index.php?rest_route=\/wp\/v2\/posts\/13999\/revisions\/14011"}],"wp:attachment":[{"href":"https:\/\/www.mariusdomingo.com\/altacapa\/index.php?rest_route=%2Fwp%2Fv2%2Fmedia&parent=13999"}],"wp:term":[{"taxonomy":"category","embeddable":true,"href":"https:\/\/www.mariusdomingo.com\/altacapa\/index.php?rest_route=%2Fwp%2Fv2%2Fcategories&post=13999"},{"taxonomy":"post_tag","embeddable":true,"href":"https:\/\/www.mariusdomingo.com\/altacapa\/index.php?rest_route=%2Fwp%2Fv2%2Ftags&post=13999"}],"curies":[{"name":"wp","href":"https:\/\/api.w.org\/{rel}","templated":true}]}}