{"id":14197,"date":"2016-11-05T23:10:56","date_gmt":"2016-11-05T22:10:56","guid":{"rendered":"http:\/\/www.mariusdomingo.com\/altacapa\/?p=14197"},"modified":"2016-11-05T23:47:34","modified_gmt":"2016-11-05T22:47:34","slug":"artiga-30-numeros-10-anys","status":"publish","type":"post","link":"https:\/\/www.mariusdomingo.com\/altacapa\/?p=14197","title":{"rendered":"Artiga | 30 n\u00fameros | 10 anys"},"content":{"rendered":"<p><a href=\"http:\/\/www.mariusdomingo.com\/altacapa\/img_blog\/artiga-30-numeros-10-anys.jpg\"><img loading=\"lazy\" decoding=\"async\" class=\"alignnone  wp-image-14198\" alt=\"artiga 30 numeros 10 anys\" src=\"http:\/\/www.mariusdomingo.com\/altacapa\/img_blog\/artiga-30-numeros-10-anys-748x1024.jpg\" width=\"449\" height=\"614\" srcset=\"https:\/\/www.mariusdomingo.com\/altacapa\/img_blog\/artiga-30-numeros-10-anys-748x1024.jpg 748w, https:\/\/www.mariusdomingo.com\/altacapa\/img_blog\/artiga-30-numeros-10-anys-219x300.jpg 219w, https:\/\/www.mariusdomingo.com\/altacapa\/img_blog\/artiga-30-numeros-10-anys.jpg 1152w\" sizes=\"(max-width: 449px) 100vw, 449px\" \/><\/a><\/p>\n<p>Tarda de treball i celebracions amb els companys de la redacci\u00f3 d&#8217;<em>Artiga (Revista d&#8217;art i pensament contemporani)<\/em>, preparant el n\u00famero 30 (que sortir\u00e0 el proper m\u00e9s de desembre) just quan fa 10 anys que es va publicar el primer.<\/p>\n<p>Bufant les espelmes amb Antonio Salcedo, Assumpta Ros\u00e9s i C\u00e8lia del Diego.<\/p>\n<p><a href=\"http:\/\/www.mariusdomingo.com\/altacapa\/img_blog\/artiga-30-numeros-10-anys-2.jpg\"><img loading=\"lazy\" decoding=\"async\" class=\"alignnone  wp-image-14199\" alt=\"artiga 30 numeros 10 anys 2\" src=\"http:\/\/www.mariusdomingo.com\/altacapa\/img_blog\/artiga-30-numeros-10-anys-2-828x1024.jpg\" width=\"398\" height=\"491\" srcset=\"https:\/\/www.mariusdomingo.com\/altacapa\/img_blog\/artiga-30-numeros-10-anys-2-828x1024.jpg 828w, https:\/\/www.mariusdomingo.com\/altacapa\/img_blog\/artiga-30-numeros-10-anys-2-242x300.jpg 242w, https:\/\/www.mariusdomingo.com\/altacapa\/img_blog\/artiga-30-numeros-10-anys-2.jpg 1152w\" sizes=\"(max-width: 398px) 100vw, 398px\" \/><\/a><\/p>\n","protected":false},"excerpt":{"rendered":"<p>Tarda de treball i celebracions amb els companys de la redacci\u00f3 d&#8217;Artiga (Revista d&#8217;art i pensament contemporani), preparant el n\u00famero 30 (que sortir\u00e0 el proper m\u00e9s de desembre) just quan fa 10 anys que es va publicar el primer. Bufant les espelmes amb Antonio Salcedo, Assumpta Ros\u00e9s i C\u00e8lia del Diego.<\/p>\n","protected":false},"author":3,"featured_media":0,"comment_status":"open","ping_status":"open","sticky":false,"template":"","format":"standard","meta":{"footnotes":""},"categories":[12],"tags":[],"_links":{"self":[{"href":"https:\/\/www.mariusdomingo.com\/altacapa\/index.php?rest_route=\/wp\/v2\/posts\/14197"}],"collection":[{"href":"https:\/\/www.mariusdomingo.com\/altacapa\/index.php?rest_route=\/wp\/v2\/posts"}],"about":[{"href":"https:\/\/www.mariusdomingo.com\/altacapa\/index.php?rest_route=\/wp\/v2\/types\/post"}],"author":[{"embeddable":true,"href":"https:\/\/www.mariusdomingo.com\/altacapa\/index.php?rest_route=\/wp\/v2\/users\/3"}],"replies":[{"embeddable":true,"href":"https:\/\/www.mariusdomingo.com\/altacapa\/index.php?rest_route=%2Fwp%2Fv2%2Fcomments&post=14197"}],"version-history":[{"count":3,"href":"https:\/\/www.mariusdomingo.com\/altacapa\/index.php?rest_route=\/wp\/v2\/posts\/14197\/revisions"}],"predecessor-version":[{"id":14202,"href":"https:\/\/www.mariusdomingo.com\/altacapa\/index.php?rest_route=\/wp\/v2\/posts\/14197\/revisions\/14202"}],"wp:attachment":[{"href":"https:\/\/www.mariusdomingo.com\/altacapa\/index.php?rest_route=%2Fwp%2Fv2%2Fmedia&parent=14197"}],"wp:term":[{"taxonomy":"category","embeddable":true,"href":"https:\/\/www.mariusdomingo.com\/altacapa\/index.php?rest_route=%2Fwp%2Fv2%2Fcategories&post=14197"},{"taxonomy":"post_tag","embeddable":true,"href":"https:\/\/www.mariusdomingo.com\/altacapa\/index.php?rest_route=%2Fwp%2Fv2%2Ftags&post=14197"}],"curies":[{"name":"wp","href":"https:\/\/api.w.org\/{rel}","templated":true}]}}