{"id":14212,"date":"2016-11-10T22:11:11","date_gmt":"2016-11-10T21:11:11","guid":{"rendered":"http:\/\/www.mariusdomingo.com\/altacapa\/?p=14212"},"modified":"2016-11-10T22:12:10","modified_gmt":"2016-11-10T21:12:10","slug":"jean-luc-nancy-la-mirada-del-retrato","status":"publish","type":"post","link":"https:\/\/www.mariusdomingo.com\/altacapa\/?p=14212","title":{"rendered":"Jean-Luc Nancy | La mirada del retrato"},"content":{"rendered":"<p><a href=\"http:\/\/www.mariusdomingo.com\/altacapa\/img_blog\/nancy-la-mirada-del-retrato.jpg\"><img loading=\"lazy\" decoding=\"async\" class=\"alignnone  wp-image-14213\" alt=\"nancy la mirada del retrato\" src=\"http:\/\/www.mariusdomingo.com\/altacapa\/img_blog\/nancy-la-mirada-del-retrato.jpg\" width=\"330\" height=\"491\" srcset=\"https:\/\/www.mariusdomingo.com\/altacapa\/img_blog\/nancy-la-mirada-del-retrato.jpg 689w, https:\/\/www.mariusdomingo.com\/altacapa\/img_blog\/nancy-la-mirada-del-retrato-201x300.jpg 201w\" sizes=\"(max-width: 330px) 100vw, 330px\" \/><\/a><\/p>\n<p><em>La mirada del retrato<\/em> (Amorrortu editores, Buenos Aires, 2012), del fil\u00f2sof franc\u00e8s Jean-Luc Nancy, amb el que tinc ara el primer contacte. Un petit llibre d&#8217;una vuitantena de p\u00e0gines que es llegeixen d&#8217;una tirada: vaig comen\u00e7ar ahir despr\u00e9s de sopar i aquest vespre he passat la darrera fulla. Lectura recomanable.<\/p>\n<p>&#8220;Es interesante comprobar que los retratos expresamente ligados a la muerte (con cr\u00e1neo, por ejemplo, como en Vanidades o Magdalenas) no son muy numerosos, aunque haya algunos notables, en Holbein (los <em>Embajadores<\/em>) o en Lovis Corinth, Picasso o Barcel\u00f3, o en el <em>Autorretrato<\/em> de Atonio Saura (1989), que es pr\u00e1cticamente el autorretrato de una calavera. Pero, la mayor\u00eda de las veces, todo se presenta m\u00e1s bien como si la muerte (la usencia infinita) no debiera ser un tema del retrato, puesto que es ya su presencia o su ausencia (la subjetidad).&#8221; [p\u00e0g. 55]<\/p>\n","protected":false},"excerpt":{"rendered":"<p>La mirada del retrato (Amorrortu editores, Buenos Aires, 2012), del fil\u00f2sof franc\u00e8s Jean-Luc Nancy, amb el que tinc ara el primer contacte. Un petit llibre d&#8217;una vuitantena de p\u00e0gines que es llegeixen d&#8217;una tirada: vaig comen\u00e7ar ahir despr\u00e9s de sopar i aquest vespre he passat la darrera fulla. Lectura recomanable. &#8220;Es interesante comprobar que los&#8230;<\/p>\n","protected":false},"author":3,"featured_media":0,"comment_status":"open","ping_status":"open","sticky":false,"template":"","format":"standard","meta":{"footnotes":""},"categories":[3],"tags":[],"_links":{"self":[{"href":"https:\/\/www.mariusdomingo.com\/altacapa\/index.php?rest_route=\/wp\/v2\/posts\/14212"}],"collection":[{"href":"https:\/\/www.mariusdomingo.com\/altacapa\/index.php?rest_route=\/wp\/v2\/posts"}],"about":[{"href":"https:\/\/www.mariusdomingo.com\/altacapa\/index.php?rest_route=\/wp\/v2\/types\/post"}],"author":[{"embeddable":true,"href":"https:\/\/www.mariusdomingo.com\/altacapa\/index.php?rest_route=\/wp\/v2\/users\/3"}],"replies":[{"embeddable":true,"href":"https:\/\/www.mariusdomingo.com\/altacapa\/index.php?rest_route=%2Fwp%2Fv2%2Fcomments&post=14212"}],"version-history":[{"count":3,"href":"https:\/\/www.mariusdomingo.com\/altacapa\/index.php?rest_route=\/wp\/v2\/posts\/14212\/revisions"}],"predecessor-version":[{"id":14216,"href":"https:\/\/www.mariusdomingo.com\/altacapa\/index.php?rest_route=\/wp\/v2\/posts\/14212\/revisions\/14216"}],"wp:attachment":[{"href":"https:\/\/www.mariusdomingo.com\/altacapa\/index.php?rest_route=%2Fwp%2Fv2%2Fmedia&parent=14212"}],"wp:term":[{"taxonomy":"category","embeddable":true,"href":"https:\/\/www.mariusdomingo.com\/altacapa\/index.php?rest_route=%2Fwp%2Fv2%2Fcategories&post=14212"},{"taxonomy":"post_tag","embeddable":true,"href":"https:\/\/www.mariusdomingo.com\/altacapa\/index.php?rest_route=%2Fwp%2Fv2%2Ftags&post=14212"}],"curies":[{"name":"wp","href":"https:\/\/api.w.org\/{rel}","templated":true}]}}