{"id":14642,"date":"2017-02-12T16:44:00","date_gmt":"2017-02-12T15:44:00","guid":{"rendered":"http:\/\/www.mariusdomingo.com\/altacapa\/?p=14642"},"modified":"2017-02-12T16:49:25","modified_gmt":"2017-02-12T15:49:25","slug":"siurana","status":"publish","type":"post","link":"https:\/\/www.mariusdomingo.com\/altacapa\/?p=14642","title":{"rendered":"Siurana"},"content":{"rendered":"<p><img loading=\"lazy\" decoding=\"async\" class=\"alignnone wp-image-14643\" src=\"http:\/\/www.mariusdomingo.com\/altacapa\/img_blog\/siurana_11-de-febrer-de-2017-1-1024x768.jpg\" width=\"450\" height=\"338\" srcset=\"https:\/\/www.mariusdomingo.com\/altacapa\/img_blog\/siurana_11-de-febrer-de-2017-1.jpg 1024w, https:\/\/www.mariusdomingo.com\/altacapa\/img_blog\/siurana_11-de-febrer-de-2017-1-300x225.jpg 300w, https:\/\/www.mariusdomingo.com\/altacapa\/img_blog\/siurana_11-de-febrer-de-2017-1-768x576.jpg 768w\" sizes=\"(max-width: 450px) 100vw, 450px\" \/><\/p>\n<p>Dia de vent. Pluja. Excursi\u00f3 per la Serra de Montsant, i visita obligada a Siurana. El Mont Sant m\u00e0gic.<\/p>\n<p><img loading=\"lazy\" decoding=\"async\" class=\"alignnone wp-image-14644\" src=\"http:\/\/www.mariusdomingo.com\/altacapa\/img_blog\/siurana_11-de-febrer-de-2017-1024x768.jpg\" width=\"450\" height=\"338\" srcset=\"https:\/\/www.mariusdomingo.com\/altacapa\/img_blog\/siurana_11-de-febrer-de-2017.jpg 1024w, https:\/\/www.mariusdomingo.com\/altacapa\/img_blog\/siurana_11-de-febrer-de-2017-300x225.jpg 300w, https:\/\/www.mariusdomingo.com\/altacapa\/img_blog\/siurana_11-de-febrer-de-2017-768x576.jpg 768w\" sizes=\"(max-width: 450px) 100vw, 450px\" \/><\/p>\n<p>Josep Carner ens ho diu un sonet rod\u00f3,<\/p>\n<p><em>All\u00e0 dalt \u00e9s Siurana, aspra i ardida,<br \/>\nben arrapada a la salvatge altura,<br \/>\ncoronada d\u2019espais, d\u2019abims cenyida,<br \/>\ntota daurada i negra de vellura.<\/em><\/p>\n<p><em>Dels carrerons sota la volta dura,<\/em><br \/>\n<em> l\u2019aire t\u00e9 una quietud esfere\u00efda,<\/em><br \/>\n<em> sols enll\u00e0, vora el cingle, una exquisida<\/em><br \/>\n<em> prada es va al\u00e7ant vers l\u2019esgl\u00e9sia obscura.<\/em><\/p>\n<p><em>Des de Siurana es veuen soledats;<\/em><br \/>\n<em> ella \u00e9s una impassible sobirana,<\/em><br \/>\n<em> dominant els voltors i els espadats.<\/em><\/p>\n<p><em>I prega i jura, i amena\u00e7a a estones;<\/em><br \/>\n<em> i nom\u00e9s pot finir l\u2019aspra Siurana,<\/em><br \/>\n<em> desfeta en rocs per carregar les fones.<\/em><\/p>\n","protected":false},"excerpt":{"rendered":"<p>Dia de vent. Pluja. Excursi\u00f3 per la Serra de Montsant, i visita obligada a Siurana. El Mont Sant m\u00e0gic. Josep Carner ens ho diu un sonet rod\u00f3, All\u00e0 dalt \u00e9s Siurana, aspra i ardida, ben arrapada a la salvatge altura, coronada d\u2019espais, d\u2019abims cenyida, tota daurada i negra de vellura. Dels carrerons sota la volta&#8230;<\/p>\n","protected":false},"author":3,"featured_media":0,"comment_status":"open","ping_status":"open","sticky":false,"template":"","format":"standard","meta":{"footnotes":""},"categories":[23,89],"tags":[],"_links":{"self":[{"href":"https:\/\/www.mariusdomingo.com\/altacapa\/index.php?rest_route=\/wp\/v2\/posts\/14642"}],"collection":[{"href":"https:\/\/www.mariusdomingo.com\/altacapa\/index.php?rest_route=\/wp\/v2\/posts"}],"about":[{"href":"https:\/\/www.mariusdomingo.com\/altacapa\/index.php?rest_route=\/wp\/v2\/types\/post"}],"author":[{"embeddable":true,"href":"https:\/\/www.mariusdomingo.com\/altacapa\/index.php?rest_route=\/wp\/v2\/users\/3"}],"replies":[{"embeddable":true,"href":"https:\/\/www.mariusdomingo.com\/altacapa\/index.php?rest_route=%2Fwp%2Fv2%2Fcomments&post=14642"}],"version-history":[{"count":3,"href":"https:\/\/www.mariusdomingo.com\/altacapa\/index.php?rest_route=\/wp\/v2\/posts\/14642\/revisions"}],"predecessor-version":[{"id":14649,"href":"https:\/\/www.mariusdomingo.com\/altacapa\/index.php?rest_route=\/wp\/v2\/posts\/14642\/revisions\/14649"}],"wp:attachment":[{"href":"https:\/\/www.mariusdomingo.com\/altacapa\/index.php?rest_route=%2Fwp%2Fv2%2Fmedia&parent=14642"}],"wp:term":[{"taxonomy":"category","embeddable":true,"href":"https:\/\/www.mariusdomingo.com\/altacapa\/index.php?rest_route=%2Fwp%2Fv2%2Fcategories&post=14642"},{"taxonomy":"post_tag","embeddable":true,"href":"https:\/\/www.mariusdomingo.com\/altacapa\/index.php?rest_route=%2Fwp%2Fv2%2Ftags&post=14642"}],"curies":[{"name":"wp","href":"https:\/\/api.w.org\/{rel}","templated":true}]}}