{"id":14718,"date":"2017-03-04T22:45:36","date_gmt":"2017-03-04T21:45:36","guid":{"rendered":"http:\/\/www.mariusdomingo.com\/altacapa\/?p=14718"},"modified":"2017-03-04T22:45:36","modified_gmt":"2017-03-04T21:45:36","slug":"felicia-fuster-merce-modol","status":"publish","type":"post","link":"https:\/\/www.mariusdomingo.com\/altacapa\/?p=14718","title":{"rendered":"Fel\u00edcia Fuster &#8211; Merc\u00e8 Modol"},"content":{"rendered":"<p><img loading=\"lazy\" decoding=\"async\" class=\"alignnone size-full wp-image-14719\" src=\"http:\/\/www.mariusdomingo.com\/altacapa\/img_blog\/plural-femeni-1-1.jpg\" alt=\"\" width=\"448\" height=\"301\" srcset=\"https:\/\/www.mariusdomingo.com\/altacapa\/img_blog\/plural-femeni-1-1.jpg 448w, https:\/\/www.mariusdomingo.com\/altacapa\/img_blog\/plural-femeni-1-1-300x202.jpg 300w\" sizes=\"(max-width: 448px) 100vw, 448px\" \/><\/p>\n<p>Darrers dies per veure l&#8217;exposici\u00f3 del Museu d&#8217;Art Modern de Tarragona, que tanca el cicle <em>Plural femen\u00ed<\/em>, amb un di\u00e0leg entre la ceramista vallenca Merc\u00e8 Modol (Terrassa, 1934) i l&#8217;artista catalana Fel\u00edcia Fuster (Barcelona, 1921-Par\u00eds 2012) que va passar bona part de la seva vida a Par\u00eds. Una sorpresa descobrir aquestes artistes amb les idees tan clares i una for\u00e7a creativa tan potent.<\/p>\n<p><img loading=\"lazy\" decoding=\"async\" class=\"alignnone size-full wp-image-14720\" src=\"http:\/\/www.mariusdomingo.com\/altacapa\/img_blog\/plural-femeni-2.jpg\" alt=\"\" width=\"372\" height=\"336\" srcset=\"https:\/\/www.mariusdomingo.com\/altacapa\/img_blog\/plural-femeni-2.jpg 372w, https:\/\/www.mariusdomingo.com\/altacapa\/img_blog\/plural-femeni-2-300x271.jpg 300w\" sizes=\"(max-width: 372px) 100vw, 372px\" \/><\/p>\n","protected":false},"excerpt":{"rendered":"<p>Darrers dies per veure l&#8217;exposici\u00f3 del Museu d&#8217;Art Modern de Tarragona, que tanca el cicle Plural femen\u00ed, amb un di\u00e0leg entre la ceramista vallenca Merc\u00e8 Modol (Terrassa, 1934) i l&#8217;artista catalana Fel\u00edcia Fuster (Barcelona, 1921-Par\u00eds 2012) que va passar bona part de la seva vida a Par\u00eds. Una sorpresa descobrir aquestes artistes amb les idees&#8230;<\/p>\n","protected":false},"author":3,"featured_media":0,"comment_status":"open","ping_status":"open","sticky":false,"template":"","format":"standard","meta":{"footnotes":""},"categories":[39,19],"tags":[],"_links":{"self":[{"href":"https:\/\/www.mariusdomingo.com\/altacapa\/index.php?rest_route=\/wp\/v2\/posts\/14718"}],"collection":[{"href":"https:\/\/www.mariusdomingo.com\/altacapa\/index.php?rest_route=\/wp\/v2\/posts"}],"about":[{"href":"https:\/\/www.mariusdomingo.com\/altacapa\/index.php?rest_route=\/wp\/v2\/types\/post"}],"author":[{"embeddable":true,"href":"https:\/\/www.mariusdomingo.com\/altacapa\/index.php?rest_route=\/wp\/v2\/users\/3"}],"replies":[{"embeddable":true,"href":"https:\/\/www.mariusdomingo.com\/altacapa\/index.php?rest_route=%2Fwp%2Fv2%2Fcomments&post=14718"}],"version-history":[{"count":1,"href":"https:\/\/www.mariusdomingo.com\/altacapa\/index.php?rest_route=\/wp\/v2\/posts\/14718\/revisions"}],"predecessor-version":[{"id":14721,"href":"https:\/\/www.mariusdomingo.com\/altacapa\/index.php?rest_route=\/wp\/v2\/posts\/14718\/revisions\/14721"}],"wp:attachment":[{"href":"https:\/\/www.mariusdomingo.com\/altacapa\/index.php?rest_route=%2Fwp%2Fv2%2Fmedia&parent=14718"}],"wp:term":[{"taxonomy":"category","embeddable":true,"href":"https:\/\/www.mariusdomingo.com\/altacapa\/index.php?rest_route=%2Fwp%2Fv2%2Fcategories&post=14718"},{"taxonomy":"post_tag","embeddable":true,"href":"https:\/\/www.mariusdomingo.com\/altacapa\/index.php?rest_route=%2Fwp%2Fv2%2Ftags&post=14718"}],"curies":[{"name":"wp","href":"https:\/\/api.w.org\/{rel}","templated":true}]}}