{"id":15232,"date":"2017-09-28T15:15:41","date_gmt":"2017-09-28T14:15:41","guid":{"rendered":"http:\/\/www.mariusdomingo.com\/altacapa\/?p=15232"},"modified":"2017-09-28T15:15:41","modified_gmt":"2017-09-28T14:15:41","slug":"artiga-revista-dart-i-pensament-contemporani","status":"publish","type":"post","link":"https:\/\/www.mariusdomingo.com\/altacapa\/?p=15232","title":{"rendered":"Artiga. Revista d&#8217;art i pensament contemporani"},"content":{"rendered":"<p><img loading=\"lazy\" decoding=\"async\" class=\"alignnone wp-image-15233\" src=\"http:\/\/www.mariusdomingo.com\/altacapa\/img_blog\/democracia.png\" alt=\"\" width=\"450\" height=\"633\" srcset=\"https:\/\/www.mariusdomingo.com\/altacapa\/img_blog\/democracia.png 648w, https:\/\/www.mariusdomingo.com\/altacapa\/img_blog\/democracia-213x300.png 213w\" sizes=\"(max-width: 450px) 100vw, 450px\" \/><\/p>\n<p>&#8220;Artiga respecta les diferents opinions pol\u00edtiques de col\u00b7laboradors i lectors. Alhora, davant la convocat\u00f2ria del refer\u00e8ndum i la mobilitzaci\u00f3 popular, l&#8217;equip de realitzaci\u00f3 de la revista volem posicionar-nos per la pau, les llibertats democr\u00e0tiques, els drets humans i la plena llibertat d&#8217;expressi\u00f3 a Catalunya.&#8221;<\/p>\n","protected":false},"excerpt":{"rendered":"<p>&#8220;Artiga respecta les diferents opinions pol\u00edtiques de col\u00b7laboradors i lectors. Alhora, davant la convocat\u00f2ria del refer\u00e8ndum i la mobilitzaci\u00f3 popular, l&#8217;equip de realitzaci\u00f3 de la revista volem posicionar-nos per la pau, les llibertats democr\u00e0tiques, els drets humans i la plena llibertat d&#8217;expressi\u00f3 a Catalunya.&#8221;<\/p>\n","protected":false},"author":3,"featured_media":0,"comment_status":"open","ping_status":"open","sticky":false,"template":"","format":"standard","meta":{"footnotes":""},"categories":[2,12],"tags":[],"_links":{"self":[{"href":"https:\/\/www.mariusdomingo.com\/altacapa\/index.php?rest_route=\/wp\/v2\/posts\/15232"}],"collection":[{"href":"https:\/\/www.mariusdomingo.com\/altacapa\/index.php?rest_route=\/wp\/v2\/posts"}],"about":[{"href":"https:\/\/www.mariusdomingo.com\/altacapa\/index.php?rest_route=\/wp\/v2\/types\/post"}],"author":[{"embeddable":true,"href":"https:\/\/www.mariusdomingo.com\/altacapa\/index.php?rest_route=\/wp\/v2\/users\/3"}],"replies":[{"embeddable":true,"href":"https:\/\/www.mariusdomingo.com\/altacapa\/index.php?rest_route=%2Fwp%2Fv2%2Fcomments&post=15232"}],"version-history":[{"count":1,"href":"https:\/\/www.mariusdomingo.com\/altacapa\/index.php?rest_route=\/wp\/v2\/posts\/15232\/revisions"}],"predecessor-version":[{"id":15234,"href":"https:\/\/www.mariusdomingo.com\/altacapa\/index.php?rest_route=\/wp\/v2\/posts\/15232\/revisions\/15234"}],"wp:attachment":[{"href":"https:\/\/www.mariusdomingo.com\/altacapa\/index.php?rest_route=%2Fwp%2Fv2%2Fmedia&parent=15232"}],"wp:term":[{"taxonomy":"category","embeddable":true,"href":"https:\/\/www.mariusdomingo.com\/altacapa\/index.php?rest_route=%2Fwp%2Fv2%2Fcategories&post=15232"},{"taxonomy":"post_tag","embeddable":true,"href":"https:\/\/www.mariusdomingo.com\/altacapa\/index.php?rest_route=%2Fwp%2Fv2%2Ftags&post=15232"}],"curies":[{"name":"wp","href":"https:\/\/api.w.org\/{rel}","templated":true}]}}