{"id":15740,"date":"2018-04-30T18:38:58","date_gmt":"2018-04-30T17:38:58","guid":{"rendered":"http:\/\/www.mariusdomingo.com\/altacapa\/?p=15740"},"modified":"2018-04-30T18:43:09","modified_gmt":"2018-04-30T17:43:09","slug":"anna-hierro-angles-sala-sant-roc-valls","status":"publish","type":"post","link":"https:\/\/www.mariusdomingo.com\/altacapa\/?p=15740","title":{"rendered":"Anna Hierro Angl\u00e9s | Sala Sant Roc &#8211; Valls"},"content":{"rendered":"<p><img loading=\"lazy\" decoding=\"async\" class=\"alignnone wp-image-15741\" src=\"http:\/\/www.mariusdomingo.com\/altacapa\/img_blog\/anna-hierro-angles-1-e1525109594200-757x1024.jpg\" alt=\"\" width=\"450\" height=\"609\" srcset=\"https:\/\/www.mariusdomingo.com\/altacapa\/img_blog\/anna-hierro-angles-1-e1525109594200-757x1024.jpg 757w, https:\/\/www.mariusdomingo.com\/altacapa\/img_blog\/anna-hierro-angles-1-e1525109594200-222x300.jpg 222w, https:\/\/www.mariusdomingo.com\/altacapa\/img_blog\/anna-hierro-angles-1-e1525109594200-768x1039.jpg 768w, https:\/\/www.mariusdomingo.com\/altacapa\/img_blog\/anna-hierro-angles-1-e1525109594200.jpg 1160w\" sizes=\"(max-width: 450px) 100vw, 450px\" \/><\/p>\n<p>La ceramista de Maslloren\u00e7 (Baix Pened\u00e8s) Anna Hierro Angl\u00e9s presenta les seves creacions a Valls, a la Sala Sant Roc [<em>Una cosa porta a l&#8217;altre<\/em> |C\/ Jaume Huguet, 1 | del 27 d&#8217;abril al 13 de maig de 2018], en una exposici\u00f3 de peces cer\u00e0miques, vidre i vitralls. Bon treball d&#8217;investigaci\u00f3 sobre la forma, que intenta fugir dels camins m\u00e9s trillats i utilitaris, i tamb\u00e9 molt remarcables les textures, sorprenents per la seva diversitat i qualitat en els matisos, amb un bonic joc de llums i ombres.<\/p>\n<p><img loading=\"lazy\" decoding=\"async\" class=\"alignnone wp-image-15742\" src=\"http:\/\/www.mariusdomingo.com\/altacapa\/img_blog\/anna-hierro-angles-2-e1525109710629-1024x892.jpg\" alt=\"\" width=\"450\" height=\"392\" srcset=\"https:\/\/www.mariusdomingo.com\/altacapa\/img_blog\/anna-hierro-angles-2-e1525109710629-1024x892.jpg 1024w, https:\/\/www.mariusdomingo.com\/altacapa\/img_blog\/anna-hierro-angles-2-e1525109710629-300x261.jpg 300w, https:\/\/www.mariusdomingo.com\/altacapa\/img_blog\/anna-hierro-angles-2-e1525109710629-768x669.jpg 768w, https:\/\/www.mariusdomingo.com\/altacapa\/img_blog\/anna-hierro-angles-2-e1525109710629.jpg 1127w\" sizes=\"(max-width: 450px) 100vw, 450px\" \/><\/p>\n","protected":false},"excerpt":{"rendered":"<p>La ceramista de Maslloren\u00e7 (Baix Pened\u00e8s) Anna Hierro Angl\u00e9s presenta les seves creacions a Valls, a la Sala Sant Roc [Una cosa porta a l&#8217;altre |C\/ Jaume Huguet, 1 | del 27 d&#8217;abril al 13 de maig de 2018], en una exposici\u00f3 de peces cer\u00e0miques, vidre i vitralls. Bon treball d&#8217;investigaci\u00f3 sobre la forma, que&#8230;<\/p>\n","protected":false},"author":3,"featured_media":0,"comment_status":"open","ping_status":"open","sticky":false,"template":"","format":"standard","meta":{"footnotes":""},"categories":[37,39,19],"tags":[],"_links":{"self":[{"href":"https:\/\/www.mariusdomingo.com\/altacapa\/index.php?rest_route=\/wp\/v2\/posts\/15740"}],"collection":[{"href":"https:\/\/www.mariusdomingo.com\/altacapa\/index.php?rest_route=\/wp\/v2\/posts"}],"about":[{"href":"https:\/\/www.mariusdomingo.com\/altacapa\/index.php?rest_route=\/wp\/v2\/types\/post"}],"author":[{"embeddable":true,"href":"https:\/\/www.mariusdomingo.com\/altacapa\/index.php?rest_route=\/wp\/v2\/users\/3"}],"replies":[{"embeddable":true,"href":"https:\/\/www.mariusdomingo.com\/altacapa\/index.php?rest_route=%2Fwp%2Fv2%2Fcomments&post=15740"}],"version-history":[{"count":4,"href":"https:\/\/www.mariusdomingo.com\/altacapa\/index.php?rest_route=\/wp\/v2\/posts\/15740\/revisions"}],"predecessor-version":[{"id":15746,"href":"https:\/\/www.mariusdomingo.com\/altacapa\/index.php?rest_route=\/wp\/v2\/posts\/15740\/revisions\/15746"}],"wp:attachment":[{"href":"https:\/\/www.mariusdomingo.com\/altacapa\/index.php?rest_route=%2Fwp%2Fv2%2Fmedia&parent=15740"}],"wp:term":[{"taxonomy":"category","embeddable":true,"href":"https:\/\/www.mariusdomingo.com\/altacapa\/index.php?rest_route=%2Fwp%2Fv2%2Fcategories&post=15740"},{"taxonomy":"post_tag","embeddable":true,"href":"https:\/\/www.mariusdomingo.com\/altacapa\/index.php?rest_route=%2Fwp%2Fv2%2Ftags&post=15740"}],"curies":[{"name":"wp","href":"https:\/\/api.w.org\/{rel}","templated":true}]}}