{"id":159,"date":"2007-03-13T22:28:54","date_gmt":"2007-03-13T21:28:54","guid":{"rendered":"http:\/\/www.mariusdomingo.com\/altacapa\/?p=159"},"modified":"2007-03-13T22:28:54","modified_gmt":"2007-03-13T21:28:54","slug":"el-frances-i-la-cultura-perden","status":"publish","type":"post","link":"https:\/\/www.mariusdomingo.com\/altacapa\/?p=159","title":{"rendered":"El franc\u00e8s (i la cultura) perden"},"content":{"rendered":"<p><img loading=\"lazy\" decoding=\"async\" id=\"image158\" style=\"width: 243px; height: 127px\" height=\"127\" alt=\"institut-francaise.jpg\" src=\"http:\/\/www.mariusdomingo.com\/altacapa\/wp-content\/institut-francaise.jpg\" width=\"243\" \/><\/p>\n<p>A Sevilla despr\u00e9s de 100 anys i a Bilbao despr\u00e9s de 58, l&#8217;Istitut Franc\u00e8s tanca les seves portes. La decisi\u00f3, del Ministeri d&#8217;Afers Estrangers\u00a0franc\u00e8s es basa en la seva pol\u00edtica de reestructuraci\u00f3 de centres culturals, que va comen\u00e7ar l&#8217;any 1999. Entre els centres a tancar hi ha G\u00e8nova, Col\u00f2nia, Bonn, Porto, Viena i una llarga llista. El govern franc\u00e8s diu que es una q\u00fcesti\u00f3 &#8220;econ\u00f2mica&#8221;. Com sempre, quan s&#8217;han de retallar despeses, la cultura (aquesta paraula que\u00a0m&#8217;agrada tan poc) surt perdent.<\/p>\n","protected":false},"excerpt":{"rendered":"<p>A Sevilla despr\u00e9s de 100 anys i a Bilbao despr\u00e9s de 58, l&#8217;Istitut Franc\u00e8s tanca les seves portes. La decisi\u00f3, del Ministeri d&#8217;Afers Estrangers\u00a0franc\u00e8s es basa en la seva pol\u00edtica de reestructuraci\u00f3 de centres culturals, que va comen\u00e7ar l&#8217;any 1999. Entre els centres a tancar hi ha G\u00e8nova, Col\u00f2nia, Bonn, Porto, Viena i una llarga&#8230;<\/p>\n","protected":false},"author":3,"featured_media":0,"comment_status":"open","ping_status":"open","sticky":false,"template":"","format":"standard","meta":{"footnotes":""},"categories":[15],"tags":[],"_links":{"self":[{"href":"https:\/\/www.mariusdomingo.com\/altacapa\/index.php?rest_route=\/wp\/v2\/posts\/159"}],"collection":[{"href":"https:\/\/www.mariusdomingo.com\/altacapa\/index.php?rest_route=\/wp\/v2\/posts"}],"about":[{"href":"https:\/\/www.mariusdomingo.com\/altacapa\/index.php?rest_route=\/wp\/v2\/types\/post"}],"author":[{"embeddable":true,"href":"https:\/\/www.mariusdomingo.com\/altacapa\/index.php?rest_route=\/wp\/v2\/users\/3"}],"replies":[{"embeddable":true,"href":"https:\/\/www.mariusdomingo.com\/altacapa\/index.php?rest_route=%2Fwp%2Fv2%2Fcomments&post=159"}],"version-history":[{"count":0,"href":"https:\/\/www.mariusdomingo.com\/altacapa\/index.php?rest_route=\/wp\/v2\/posts\/159\/revisions"}],"wp:attachment":[{"href":"https:\/\/www.mariusdomingo.com\/altacapa\/index.php?rest_route=%2Fwp%2Fv2%2Fmedia&parent=159"}],"wp:term":[{"taxonomy":"category","embeddable":true,"href":"https:\/\/www.mariusdomingo.com\/altacapa\/index.php?rest_route=%2Fwp%2Fv2%2Fcategories&post=159"},{"taxonomy":"post_tag","embeddable":true,"href":"https:\/\/www.mariusdomingo.com\/altacapa\/index.php?rest_route=%2Fwp%2Fv2%2Ftags&post=159"}],"curies":[{"name":"wp","href":"https:\/\/api.w.org\/{rel}","templated":true}]}}