{"id":16072,"date":"2018-11-06T18:23:28","date_gmt":"2018-11-06T17:23:28","guid":{"rendered":"http:\/\/www.mariusdomingo.com\/altacapa\/?p=16072"},"modified":"2018-11-07T18:23:57","modified_gmt":"2018-11-07T17:23:57","slug":"ruben-perdomo-zones","status":"publish","type":"post","link":"https:\/\/www.mariusdomingo.com\/altacapa\/?p=16072","title":{"rendered":"Rub\u00e9n Perdomo | Zones"},"content":{"rendered":"<p><img loading=\"lazy\" decoding=\"async\" class=\"alignnone wp-image-16073\" src=\"http:\/\/www.mariusdomingo.com\/altacapa\/img_blog\/ruben-perdomo-zones-cambrils-novembre-2018-e1541610720672-768x1024.jpg\" alt=\"\" width=\"450\" height=\"600\" srcset=\"https:\/\/www.mariusdomingo.com\/altacapa\/img_blog\/ruben-perdomo-zones-cambrils-novembre-2018-e1541610720672-768x1024.jpg 768w, https:\/\/www.mariusdomingo.com\/altacapa\/img_blog\/ruben-perdomo-zones-cambrils-novembre-2018-e1541610720672-225x300.jpg 225w, https:\/\/www.mariusdomingo.com\/altacapa\/img_blog\/ruben-perdomo-zones-cambrils-novembre-2018-e1541610720672.jpg 1224w\" sizes=\"(max-width: 450px) 100vw, 450px\" \/><\/p>\n<p>Les fotografies de Rub\u00e9n Perdomo naveguen per llocs abandonats, per racons amagats i ocults on la figura humana \u00e9s un element anecd\u00f2tic i el paisatge fos el resultat d&#8217;una guerra o un tsunami. Aquest efecte, remarcat per l&#8217;\u00fas del blanc i negre, el format petit i la disposici\u00f3 horitzontal a la sala, ens fa pensar el pas del temps, en la mem\u00f2ria i en l&#8217;abandonament, i finalment en la bellesa que lentament emergeix quan es retiren les aig\u00fces i l&#8217;herba trona a cr\u00e9ixer.<\/p>\n<p><img loading=\"lazy\" decoding=\"async\" class=\"alignnone wp-image-16074\" src=\"http:\/\/www.mariusdomingo.com\/altacapa\/img_blog\/ruben-perdomo-zones-cambrils-novembre-2018-2-e1541611094917-768x1024.jpg\" alt=\"\" width=\"450\" height=\"600\" srcset=\"https:\/\/www.mariusdomingo.com\/altacapa\/img_blog\/ruben-perdomo-zones-cambrils-novembre-2018-2-e1541611094917-768x1024.jpg 768w, https:\/\/www.mariusdomingo.com\/altacapa\/img_blog\/ruben-perdomo-zones-cambrils-novembre-2018-2-e1541611094917-225x300.jpg 225w, https:\/\/www.mariusdomingo.com\/altacapa\/img_blog\/ruben-perdomo-zones-cambrils-novembre-2018-2-e1541611094917.jpg 1224w\" sizes=\"(max-width: 450px) 100vw, 450px\" \/><\/p>\n<p><img loading=\"lazy\" decoding=\"async\" class=\"alignnone wp-image-16075\" src=\"http:\/\/www.mariusdomingo.com\/altacapa\/img_blog\/ruben-perdomo-zones-cambrils-novembre-2018-3-e1541611143992-768x1024.jpg\" alt=\"\" width=\"450\" height=\"600\" srcset=\"https:\/\/www.mariusdomingo.com\/altacapa\/img_blog\/ruben-perdomo-zones-cambrils-novembre-2018-3-e1541611143992-768x1024.jpg 768w, https:\/\/www.mariusdomingo.com\/altacapa\/img_blog\/ruben-perdomo-zones-cambrils-novembre-2018-3-e1541611143992-225x300.jpg 225w, https:\/\/www.mariusdomingo.com\/altacapa\/img_blog\/ruben-perdomo-zones-cambrils-novembre-2018-3-e1541611143992.jpg 1224w\" sizes=\"(max-width: 450px) 100vw, 450px\" \/><\/p>\n<p>[De l\u201911 d\u2019octubre al 14 de novembre de 2018][ Sala \u00c0mbits][Carrer Sant Pl\u00e0cid, 18-20 | Cambrils]<\/p>\n","protected":false},"excerpt":{"rendered":"<p>Les fotografies de Rub\u00e9n Perdomo naveguen per llocs abandonats, per racons amagats i ocults on la figura humana \u00e9s un element anecd\u00f2tic i el paisatge fos el resultat d&#8217;una guerra o un tsunami. Aquest efecte, remarcat per l&#8217;\u00fas del blanc i negre, el format petit i la disposici\u00f3 horitzontal a la sala, ens fa pensar&#8230;<\/p>\n","protected":false},"author":3,"featured_media":0,"comment_status":"open","ping_status":"open","sticky":false,"template":"","format":"standard","meta":{"footnotes":""},"categories":[37,19,33],"tags":[],"_links":{"self":[{"href":"https:\/\/www.mariusdomingo.com\/altacapa\/index.php?rest_route=\/wp\/v2\/posts\/16072"}],"collection":[{"href":"https:\/\/www.mariusdomingo.com\/altacapa\/index.php?rest_route=\/wp\/v2\/posts"}],"about":[{"href":"https:\/\/www.mariusdomingo.com\/altacapa\/index.php?rest_route=\/wp\/v2\/types\/post"}],"author":[{"embeddable":true,"href":"https:\/\/www.mariusdomingo.com\/altacapa\/index.php?rest_route=\/wp\/v2\/users\/3"}],"replies":[{"embeddable":true,"href":"https:\/\/www.mariusdomingo.com\/altacapa\/index.php?rest_route=%2Fwp%2Fv2%2Fcomments&post=16072"}],"version-history":[{"count":2,"href":"https:\/\/www.mariusdomingo.com\/altacapa\/index.php?rest_route=\/wp\/v2\/posts\/16072\/revisions"}],"predecessor-version":[{"id":16077,"href":"https:\/\/www.mariusdomingo.com\/altacapa\/index.php?rest_route=\/wp\/v2\/posts\/16072\/revisions\/16077"}],"wp:attachment":[{"href":"https:\/\/www.mariusdomingo.com\/altacapa\/index.php?rest_route=%2Fwp%2Fv2%2Fmedia&parent=16072"}],"wp:term":[{"taxonomy":"category","embeddable":true,"href":"https:\/\/www.mariusdomingo.com\/altacapa\/index.php?rest_route=%2Fwp%2Fv2%2Fcategories&post=16072"},{"taxonomy":"post_tag","embeddable":true,"href":"https:\/\/www.mariusdomingo.com\/altacapa\/index.php?rest_route=%2Fwp%2Fv2%2Ftags&post=16072"}],"curies":[{"name":"wp","href":"https:\/\/api.w.org\/{rel}","templated":true}]}}