{"id":16137,"date":"2018-12-06T16:54:48","date_gmt":"2018-12-06T15:54:48","guid":{"rendered":"http:\/\/www.mariusdomingo.com\/altacapa\/?p=16137"},"modified":"2018-12-06T16:56:13","modified_gmt":"2018-12-06T15:56:13","slug":"rec-2018","status":"publish","type":"post","link":"https:\/\/www.mariusdomingo.com\/altacapa\/?p=16137","title":{"rendered":"REC 2018 | XVIII Festival Internacional de Cinema de Tarragona"},"content":{"rendered":"<p><img loading=\"lazy\" decoding=\"async\" class=\"alignnone wp-image-16138\" src=\"http:\/\/www.mariusdomingo.com\/altacapa\/img_blog\/rec-tarragona-2018-723x1024.jpg\" alt=\"\" width=\"459\" height=\"650\" srcset=\"https:\/\/www.mariusdomingo.com\/altacapa\/img_blog\/rec-tarragona-2018-723x1024.jpg 723w, https:\/\/www.mariusdomingo.com\/altacapa\/img_blog\/rec-tarragona-2018-212x300.jpg 212w, https:\/\/www.mariusdomingo.com\/altacapa\/img_blog\/rec-tarragona-2018-768x1087.jpg 768w, https:\/\/www.mariusdomingo.com\/altacapa\/img_blog\/rec-tarragona-2018.jpg 953w\" sizes=\"(max-width: 459px) 100vw, 459px\" \/><\/p>\n<p>Va comen\u00e7ar l&#8217;1 de desembre i termina el 9, per\u00f2 com qui diu aquest \u00e9s el cap de setmana del <a href=\"https:\/\/www.festivalrec.com\/\" target=\"_blank\" rel=\"noopener noreferrer\">REC, Festival Internacional de Cinema de Tarragona<\/a>, que arriba a la seva edici\u00f3 n\u00famero 18. Doneu tamb\u00e9 una ullada a els activitats programades: hi ha cinema m\u00e9s enll\u00e0 de les pantalles !<\/p>\n","protected":false},"excerpt":{"rendered":"<p>Va comen\u00e7ar l&#8217;1 de desembre i termina el 9, per\u00f2 com qui diu aquest \u00e9s el cap de setmana del REC, Festival Internacional de Cinema de Tarragona, que arriba a la seva edici\u00f3 n\u00famero 18. Doneu tamb\u00e9 una ullada a els activitats programades: hi ha cinema m\u00e9s enll\u00e0 de les pantalles !<\/p>\n","protected":false},"author":3,"featured_media":0,"comment_status":"open","ping_status":"open","sticky":false,"template":"","format":"standard","meta":{"footnotes":""},"categories":[8],"tags":[],"_links":{"self":[{"href":"https:\/\/www.mariusdomingo.com\/altacapa\/index.php?rest_route=\/wp\/v2\/posts\/16137"}],"collection":[{"href":"https:\/\/www.mariusdomingo.com\/altacapa\/index.php?rest_route=\/wp\/v2\/posts"}],"about":[{"href":"https:\/\/www.mariusdomingo.com\/altacapa\/index.php?rest_route=\/wp\/v2\/types\/post"}],"author":[{"embeddable":true,"href":"https:\/\/www.mariusdomingo.com\/altacapa\/index.php?rest_route=\/wp\/v2\/users\/3"}],"replies":[{"embeddable":true,"href":"https:\/\/www.mariusdomingo.com\/altacapa\/index.php?rest_route=%2Fwp%2Fv2%2Fcomments&post=16137"}],"version-history":[{"count":3,"href":"https:\/\/www.mariusdomingo.com\/altacapa\/index.php?rest_route=\/wp\/v2\/posts\/16137\/revisions"}],"predecessor-version":[{"id":16141,"href":"https:\/\/www.mariusdomingo.com\/altacapa\/index.php?rest_route=\/wp\/v2\/posts\/16137\/revisions\/16141"}],"wp:attachment":[{"href":"https:\/\/www.mariusdomingo.com\/altacapa\/index.php?rest_route=%2Fwp%2Fv2%2Fmedia&parent=16137"}],"wp:term":[{"taxonomy":"category","embeddable":true,"href":"https:\/\/www.mariusdomingo.com\/altacapa\/index.php?rest_route=%2Fwp%2Fv2%2Fcategories&post=16137"},{"taxonomy":"post_tag","embeddable":true,"href":"https:\/\/www.mariusdomingo.com\/altacapa\/index.php?rest_route=%2Fwp%2Fv2%2Ftags&post=16137"}],"curies":[{"name":"wp","href":"https:\/\/api.w.org\/{rel}","templated":true}]}}