{"id":16151,"date":"2018-12-12T16:16:40","date_gmt":"2018-12-12T15:16:40","guid":{"rendered":"http:\/\/www.mariusdomingo.com\/altacapa\/?p=16151"},"modified":"2018-12-12T16:16:40","modified_gmt":"2018-12-12T15:16:40","slug":"les-muses-les-filles-de-la-memoria","status":"publish","type":"post","link":"https:\/\/www.mariusdomingo.com\/altacapa\/?p=16151","title":{"rendered":"Les muses, les filles de la mem\u00f2ria"},"content":{"rendered":"<p><img loading=\"lazy\" decoding=\"async\" class=\"alignnone size-full wp-image-16152\" src=\"http:\/\/www.mariusdomingo.com\/altacapa\/img_blog\/el-raval-de-lart.jpg\" alt=\"\" width=\"378\" height=\"794\" srcset=\"https:\/\/www.mariusdomingo.com\/altacapa\/img_blog\/el-raval-de-lart.jpg 378w, https:\/\/www.mariusdomingo.com\/altacapa\/img_blog\/el-raval-de-lart-143x300.jpg 143w\" sizes=\"(max-width: 378px) 100vw, 378px\" \/><\/p>\n<p>Fins al 5 de gener de 2019 podeu visitar l&#8217;exposici\u00f3 Les muses, les filles de la mem\u00f2ria [cam\u00ed de l&#8217;angl\u00e8s, 1 | Roquetes], el fang com a lligam de la mem\u00f2ria, com a producte del present que t\u00e9 arrels en el passat.<\/p>\n","protected":false},"excerpt":{"rendered":"<p>Fins al 5 de gener de 2019 podeu visitar l&#8217;exposici\u00f3 Les muses, les filles de la mem\u00f2ria [cam\u00ed de l&#8217;angl\u00e8s, 1 | Roquetes], el fang com a lligam de la mem\u00f2ria, com a producte del present que t\u00e9 arrels en el passat.<\/p>\n","protected":false},"author":3,"featured_media":0,"comment_status":"open","ping_status":"open","sticky":false,"template":"","format":"standard","meta":{"footnotes":""},"categories":[39],"tags":[],"_links":{"self":[{"href":"https:\/\/www.mariusdomingo.com\/altacapa\/index.php?rest_route=\/wp\/v2\/posts\/16151"}],"collection":[{"href":"https:\/\/www.mariusdomingo.com\/altacapa\/index.php?rest_route=\/wp\/v2\/posts"}],"about":[{"href":"https:\/\/www.mariusdomingo.com\/altacapa\/index.php?rest_route=\/wp\/v2\/types\/post"}],"author":[{"embeddable":true,"href":"https:\/\/www.mariusdomingo.com\/altacapa\/index.php?rest_route=\/wp\/v2\/users\/3"}],"replies":[{"embeddable":true,"href":"https:\/\/www.mariusdomingo.com\/altacapa\/index.php?rest_route=%2Fwp%2Fv2%2Fcomments&post=16151"}],"version-history":[{"count":1,"href":"https:\/\/www.mariusdomingo.com\/altacapa\/index.php?rest_route=\/wp\/v2\/posts\/16151\/revisions"}],"predecessor-version":[{"id":16153,"href":"https:\/\/www.mariusdomingo.com\/altacapa\/index.php?rest_route=\/wp\/v2\/posts\/16151\/revisions\/16153"}],"wp:attachment":[{"href":"https:\/\/www.mariusdomingo.com\/altacapa\/index.php?rest_route=%2Fwp%2Fv2%2Fmedia&parent=16151"}],"wp:term":[{"taxonomy":"category","embeddable":true,"href":"https:\/\/www.mariusdomingo.com\/altacapa\/index.php?rest_route=%2Fwp%2Fv2%2Fcategories&post=16151"},{"taxonomy":"post_tag","embeddable":true,"href":"https:\/\/www.mariusdomingo.com\/altacapa\/index.php?rest_route=%2Fwp%2Fv2%2Ftags&post=16151"}],"curies":[{"name":"wp","href":"https:\/\/api.w.org\/{rel}","templated":true}]}}