{"id":16272,"date":"2019-01-28T13:33:01","date_gmt":"2019-01-28T12:33:01","guid":{"rendered":"http:\/\/www.mariusdomingo.com\/altacapa\/?p=16272"},"modified":"2019-01-28T13:40:55","modified_gmt":"2019-01-28T12:40:55","slug":"slasher-marcel-pey","status":"publish","type":"post","link":"https:\/\/www.mariusdomingo.com\/altacapa\/?p=16272","title":{"rendered":"Slasher | Marcel Pey"},"content":{"rendered":"<p><img loading=\"lazy\" decoding=\"async\" class=\"alignnone wp-image-16273\" src=\"http:\/\/www.mariusdomingo.com\/altacapa\/img_blog\/david-Castillo-_-Marcel-Pey-_-La-Grey-_-gener-2019-e1548677212261-768x1024.jpg\" alt=\"\" width=\"450\" height=\"600\" srcset=\"https:\/\/www.mariusdomingo.com\/altacapa\/img_blog\/david-Castillo-_-Marcel-Pey-_-La-Grey-_-gener-2019-e1548677212261-768x1024.jpg 768w, https:\/\/www.mariusdomingo.com\/altacapa\/img_blog\/david-Castillo-_-Marcel-Pey-_-La-Grey-_-gener-2019-e1548677212261-225x300.jpg 225w, https:\/\/www.mariusdomingo.com\/altacapa\/img_blog\/david-Castillo-_-Marcel-Pey-_-La-Grey-_-gener-2019-e1548677212261.jpg 1512w\" sizes=\"(max-width: 450px) 100vw, 450px\" \/><\/p>\n<p>Inauguraci\u00f3 en La Grey de <em>Slasher<\/em> del gran Marcel Pey amb performance po\u00e8tica \u2014que es recordar\u00e0 al llarg dels anys com <em>La Inauguraci\u00f3<\/em>\u2014 a c\u00e0rrec de David Castillo.<\/p>\n<p>Imatges en blanc i negre, amb alguna l\u00ednia de text en color. La narrativa que desenvolupa Marcel Pey \u00e9s complexa i requereix reflexi\u00f3 ja que no segueix el camins habituals, sempre rectilinis, de la pr\u00e0ctica art\u00edstica a l&#8217;\u00fas.\u00a0 En el cinema <em>slasher<\/em> (subg\u00e8nere de pel\u00b7l\u00edcules de terror en qu\u00e8 un psic\u00f2pata assassina a adolescents que no estan supervisats per adults) no hi ha ni remordiment ni culpa, l&#8217;assass\u00ed no es dutxa ni es neteja despr\u00e9s de cometre els seus crims, simplement vol revenja. Perqu\u00e8? Alg\u00fa en el passat (sovint un col\u00b7lectiu social: l&#8217;escola, tot un poble, un barri, un grup d&#8217;amics) el va humiliar, el va maltractar i ara anys despr\u00e9s, vol que els altres passin pel que ell va sentir. Els que pateixen s\u00f3n els amics o ve\u00efns de les v\u00edctimes per qu\u00e8 saben que estan en el punt de mira, i l&#8217;espectador \u2014que no sempre ha mantingut un comportament exemplar en la seva vida\u2014 ho contempla tot horroritzat. Cr\u00edtica social en estat pur.<\/p>\n<p><img loading=\"lazy\" decoding=\"async\" class=\"alignnone wp-image-16274\" src=\"http:\/\/www.mariusdomingo.com\/altacapa\/img_blog\/Marcel-Pey-_-La-Grey-_-gener-2019-1024x704.jpg\" alt=\"\" width=\"450\" height=\"309\" srcset=\"https:\/\/www.mariusdomingo.com\/altacapa\/img_blog\/Marcel-Pey-_-La-Grey-_-gener-2019-1024x704.jpg 1024w, https:\/\/www.mariusdomingo.com\/altacapa\/img_blog\/Marcel-Pey-_-La-Grey-_-gener-2019-300x206.jpg 300w, https:\/\/www.mariusdomingo.com\/altacapa\/img_blog\/Marcel-Pey-_-La-Grey-_-gener-2019-768x528.jpg 768w, https:\/\/www.mariusdomingo.com\/altacapa\/img_blog\/Marcel-Pey-_-La-Grey-_-gener-2019.jpg 1239w\" sizes=\"(max-width: 450px) 100vw, 450px\" \/><\/p>\n<p>[La Grey | C. Sant Lloren\u00e7, 3 | Tarragona][del 26 de gener al 15 de mar\u00e7 2019]<\/p>\n","protected":false},"excerpt":{"rendered":"<p>Inauguraci\u00f3 en La Grey de Slasher del gran Marcel Pey amb performance po\u00e8tica \u2014que es recordar\u00e0 al llarg dels anys com La Inauguraci\u00f3\u2014 a c\u00e0rrec de David Castillo. Imatges en blanc i negre, amb alguna l\u00ednia de text en color. La narrativa que desenvolupa Marcel Pey \u00e9s complexa i requereix reflexi\u00f3 ja que no segueix&#8230;<\/p>\n","protected":false},"author":3,"featured_media":0,"comment_status":"open","ping_status":"open","sticky":false,"template":"","format":"standard","meta":{"footnotes":""},"categories":[19,33,22],"tags":[],"_links":{"self":[{"href":"https:\/\/www.mariusdomingo.com\/altacapa\/index.php?rest_route=\/wp\/v2\/posts\/16272"}],"collection":[{"href":"https:\/\/www.mariusdomingo.com\/altacapa\/index.php?rest_route=\/wp\/v2\/posts"}],"about":[{"href":"https:\/\/www.mariusdomingo.com\/altacapa\/index.php?rest_route=\/wp\/v2\/types\/post"}],"author":[{"embeddable":true,"href":"https:\/\/www.mariusdomingo.com\/altacapa\/index.php?rest_route=\/wp\/v2\/users\/3"}],"replies":[{"embeddable":true,"href":"https:\/\/www.mariusdomingo.com\/altacapa\/index.php?rest_route=%2Fwp%2Fv2%2Fcomments&post=16272"}],"version-history":[{"count":2,"href":"https:\/\/www.mariusdomingo.com\/altacapa\/index.php?rest_route=\/wp\/v2\/posts\/16272\/revisions"}],"predecessor-version":[{"id":16276,"href":"https:\/\/www.mariusdomingo.com\/altacapa\/index.php?rest_route=\/wp\/v2\/posts\/16272\/revisions\/16276"}],"wp:attachment":[{"href":"https:\/\/www.mariusdomingo.com\/altacapa\/index.php?rest_route=%2Fwp%2Fv2%2Fmedia&parent=16272"}],"wp:term":[{"taxonomy":"category","embeddable":true,"href":"https:\/\/www.mariusdomingo.com\/altacapa\/index.php?rest_route=%2Fwp%2Fv2%2Fcategories&post=16272"},{"taxonomy":"post_tag","embeddable":true,"href":"https:\/\/www.mariusdomingo.com\/altacapa\/index.php?rest_route=%2Fwp%2Fv2%2Ftags&post=16272"}],"curies":[{"name":"wp","href":"https:\/\/api.w.org\/{rel}","templated":true}]}}