{"id":1658,"date":"2008-10-25T23:00:01","date_gmt":"2008-10-25T22:00:01","guid":{"rendered":"http:\/\/www.mariusdomingo.com\/altacapa\/?p=1658"},"modified":"2012-06-15T17:16:06","modified_gmt":"2012-06-15T16:16:06","slug":"vivir-para-contarla","status":"publish","type":"post","link":"https:\/\/www.mariusdomingo.com\/altacapa\/?p=1658","title":{"rendered":"Vivir para contarla"},"content":{"rendered":"<p><img loading=\"lazy\" decoding=\"async\" class=\"alignnone size-full wp-image-2727\" style=\"border: 4px double green;\" title=\"hugo-prades_caricatura_bloc1\" src=\"http:\/\/www.mariusdomingo.com\/altacapa\/wp-content\/hugo-prades_caricatura_bloc1.jpg\" alt=\"hugo-prades_caricatura_bloc1\" width=\"287\" height=\"381\" \/><\/p>\n<p>[25 octubre 2008]<\/p>\n<p>A vegades em pregunten perqu\u00e8 escric un bloc. Perqu\u00e8 m\u2019esfor\u00e7o cada dia en actualitzar-lo, perqu\u00e8 contesto els correus que m\u2019arriben i els comentaris que es fan. Olga em deia fa poc: escolta, cada dia et passa alguna cosa interessant que es pugui explicar en un bloc? En un correu MacMac es meravellava de tot el temps que hi dedico a escriure. I <a href=\"http:\/\/wwwparaulescinta.blogspot.com\/\">Cinta<\/a>, sempre que t\u00e9 ocasi\u00f3, em diu que tinc un bloc molt <em>currat<\/em>.<\/p>\n<p>Despr\u00e9s d\u2019uns 2 anys de blocaire \u2013 vaig comen\u00e7ar amb un bloc \u201cde prova\u201d al novembre del 2006 gr\u00e0cies a l&#8217;ajut de l&#8217;amic <a href=\"http:\/\/www.juanjofuster.com\/sentits\/wordpress\/\">Juanjo<\/a>\u2013\u00a0 i amb 627 entrades publicades, crec que no tinc una resposta.<\/p>\n<p>Per\u00f2 vaja, aquests tres dies en qu\u00e8 el bloc ha estat caigut per un problema en el servidor on s\u2019hostatja Altacapa, he tingut temps per pensar-hi en tot plegat. Quan temps dedico al bloc? Doncs una estona despr\u00e9s de sopar. Em poso amb el port\u00e0til al sof\u00e0 amb un caf\u00e8 mentre mirem la tele i el BB ja dorm, com que a casa sopem amb horari infantil, podr\u00edem dir que aix\u00f2 passa cap a les 9 o a molt estirar les 9,30. Dono una ullada al correu de la feina (<a href=\"http:\/\/www.xtec.net\/\">xtec<\/a>), em baixo a l\u2019ipod els podcasts als que estic subscrit, faig una passejada per les not\u00edcies del dia (<a href=\"http:\/\/www.vilaweb.cat\/\">VilaWeb<\/a> i <a href=\"http:\/\/news.bbc.co.uk\/\">BBC news<\/a>), repasso alguns blocs d\u2019amics (per exemple el <a href=\"http:\/\/www.carabassa.org\/elbloc\/\">bloc carabassa<\/a>, <a href=\"http:\/\/siknus.cat\/\">Siknus<\/a> o\u00a0 <a href=\"http:\/\/inicios.es\/\">inicios<\/a>), consulto i contesto el correu del bloc, i despr\u00e9s em poso a escriure alguna cosa per Altacapa.<br \/>\nA les 11 de la nit ja estic al llit, escoltant la r\u00e0dio o els podcats que m\u2019he baixat a l\u2019ipod i llegint el diari, algun llibre dels molts que tinc a la tauleta, o \u2013 poques vegades\u2013 preparant algun tema relacionat amb la feina.<br \/>\nTornant al bloc: els temes que tracto estan centrats en l\u2019art (i per extensi\u00f3 en la cultura, una paraula que m\u2019agrada tan poc ! ), i clar, en el que llegeixo, veig, escolto, penso&#8230; d\u2019aqu\u00ed el t\u00edtol que he donat a aquesta entrada, plagi directe del t\u00edtol del conegut llibre\u00a0 de mem\u00f2ries <em>Vivir para contarla<\/em> (Mondadori, 2002) de Gabriel Garc\u00eda M\u00e1rquez. \u00c9s q\u00fcesti\u00f3 d\u2019anar fent pensant en qu\u00e8 despr\u00e9s, de tot el s\u2019ha fet, alguna cosa es podr\u00e0 escriure, ja sigui en un lloc fant\u00e0stic i ex\u00f2tic o en un espai corrent i proper. Val la pena citar <em>El quadern gris<\/em>, de Pla, que per a mi ha estat sempre un model inq\u00fcestionable d\u2019espai proper del que es poden extreure valuosos aprenentatges. \u00c9s a dir, observar i despr\u00e9s sintetitzar el que s\u2019ha vist en quatre ratlles. Tot aix\u00f2 requereix una mica de temps, i el que per a mi \u00e9s m\u00e9s important, capacitat de reflexi\u00f3. Capacitat de cr\u00edtica suposo, tot i que avui dia la paraula cr\u00edtica, pel fet d\u2019anar deslligada moltes vegades de reflexi\u00f3, \u00e9s sin\u00f2nim d\u2019intoler\u00e0ncia.<br \/>\nTamb\u00e9 hi ha el perill de ser un <a href=\"http:\/\/ca.wikipedia.org\/wiki\/Auca_del_senyor_Esteve\">senyor Esteve<\/a> d\u2019anar per casa, parlant d\u2019aix\u00f2 i d\u2019all\u00f2, sense aprofundir res. Com a m\u00ednim el que jo intento \u00e9s donar el meu punt de vista, comprovar despr\u00e9s que algunes persones (unes 100 cada dia, en ocasions poden arribar a passar de 200) s\u2019interessen pel mateix que jo \u00e9s un petit plaer que em fa sentir menys sol del que normalment estem.<\/p>\n<p>[sobre <a href=\"http:\/\/www.mariusdomingo.com\/altacapa\/?p=2541\">la imatge<\/a>]<\/p>\n<p>[actualitzaci\u00f3 0ct 2011]<\/p>\n<p>Uff! Altacapa arriba als 2.000 lectors, moltes gr\u00e0cies&#8230; potser <a href=\"http:\/\/www.mariusdomingo.com\/altacapa\/?p=7045\" target=\"_blank\">hi ha m\u00e9s <em>misfits<\/em> al m\u00f3n del que em pensava<\/a>.<\/p>\n","protected":false},"excerpt":{"rendered":"<p>[25 octubre 2008] A vegades em pregunten perqu\u00e8 escric un bloc. Perqu\u00e8 m\u2019esfor\u00e7o cada dia en actualitzar-lo, perqu\u00e8 contesto els correus que m\u2019arriben i els comentaris que es fan. Olga em deia fa poc: escolta, cada dia et passa alguna cosa interessant que es pugui explicar en un bloc? En un correu MacMac es meravellava&#8230;<\/p>\n","protected":false},"author":3,"featured_media":0,"comment_status":"open","ping_status":"open","sticky":false,"template":"","format":"standard","meta":{"footnotes":""},"categories":[2],"tags":[],"_links":{"self":[{"href":"https:\/\/www.mariusdomingo.com\/altacapa\/index.php?rest_route=\/wp\/v2\/posts\/1658"}],"collection":[{"href":"https:\/\/www.mariusdomingo.com\/altacapa\/index.php?rest_route=\/wp\/v2\/posts"}],"about":[{"href":"https:\/\/www.mariusdomingo.com\/altacapa\/index.php?rest_route=\/wp\/v2\/types\/post"}],"author":[{"embeddable":true,"href":"https:\/\/www.mariusdomingo.com\/altacapa\/index.php?rest_route=\/wp\/v2\/users\/3"}],"replies":[{"embeddable":true,"href":"https:\/\/www.mariusdomingo.com\/altacapa\/index.php?rest_route=%2Fwp%2Fv2%2Fcomments&post=1658"}],"version-history":[{"count":0,"href":"https:\/\/www.mariusdomingo.com\/altacapa\/index.php?rest_route=\/wp\/v2\/posts\/1658\/revisions"}],"wp:attachment":[{"href":"https:\/\/www.mariusdomingo.com\/altacapa\/index.php?rest_route=%2Fwp%2Fv2%2Fmedia&parent=1658"}],"wp:term":[{"taxonomy":"category","embeddable":true,"href":"https:\/\/www.mariusdomingo.com\/altacapa\/index.php?rest_route=%2Fwp%2Fv2%2Fcategories&post=1658"},{"taxonomy":"post_tag","embeddable":true,"href":"https:\/\/www.mariusdomingo.com\/altacapa\/index.php?rest_route=%2Fwp%2Fv2%2Ftags&post=1658"}],"curies":[{"name":"wp","href":"https:\/\/api.w.org\/{rel}","templated":true}]}}