{"id":16774,"date":"2019-10-06T21:46:55","date_gmt":"2019-10-06T20:46:55","guid":{"rendered":"http:\/\/www.mariusdomingo.com\/altacapa\/?p=16774"},"modified":"2019-10-06T22:04:36","modified_gmt":"2019-10-06T21:04:36","slug":"x-biennal-internacional-de-ceramica-el-vendrell","status":"publish","type":"post","link":"https:\/\/www.mariusdomingo.com\/altacapa\/?p=16774","title":{"rendered":"X Biennal Internacional de Cer\u00e0mica | El Vendrell"},"content":{"rendered":"<p><img loading=\"lazy\" decoding=\"async\" class=\"alignnone wp-image-16776 size-medium\" src=\"http:\/\/www.mariusdomingo.com\/altacapa\/img_blog\/jurat-X-biennal-internacional-de-cer\u00e0mica-del-vendrell-_-setembre-2019-300x270.jpg\" alt=\"\" width=\"300\" height=\"270\" srcset=\"https:\/\/www.mariusdomingo.com\/altacapa\/img_blog\/jurat-X-biennal-internacional-de-cer\u00e0mica-del-vendrell-_-setembre-2019-300x270.jpg 300w, https:\/\/www.mariusdomingo.com\/altacapa\/img_blog\/jurat-X-biennal-internacional-de-cer\u00e0mica-del-vendrell-_-setembre-2019-768x692.jpg 768w, https:\/\/www.mariusdomingo.com\/altacapa\/img_blog\/jurat-X-biennal-internacional-de-cer\u00e0mica-del-vendrell-_-setembre-2019-700x631.jpg 700w, https:\/\/www.mariusdomingo.com\/altacapa\/img_blog\/jurat-X-biennal-internacional-de-cer\u00e0mica-del-vendrell-_-setembre-2019-800x721.jpg 800w, https:\/\/www.mariusdomingo.com\/altacapa\/img_blog\/jurat-X-biennal-internacional-de-cer\u00e0mica-del-vendrell-_-setembre-2019.jpg 1504w\" sizes=\"(max-width: 300px) 100vw, 300px\" \/><\/p>\n<p>Un plaer formar part del Jurat de la &#8220;X Biennal Internacional de Cer\u00e0mica&#8221; del Vendrell, amb S\u00edlvia Vaquero Martin, Camil\u00b7la P\u00e9rez Salv\u00e0, N\u00faria Soley Casas i David Places i Balsalobre. 232 peces presentades i un total de 19 seleccionades, amb un nivell francament bo. La pe\u00e7a guardonada amb el primer premi, <em>A man&#8217;s bloodstream<\/em> obra de l&#8217;alemanya d&#8217;Olga Simonova, dif\u00edcilment deixar\u00e0 indiferent a ning\u00fa. Una delicada gerra de porcellana que Olga Simonova decora amb una pertorbadora escena de viol\u00e8ncia dom\u00e8stica.<\/p>\n<p>Els ceramistes seleccionats han estat:<\/p>\n<p>Avital Avital, de Ramat Gran (Israel)<br \/>\nLelia Cardosi, de Terracina (It\u00e0lia)<br \/>\nRuth Cepedano, de Barcelona<br \/>\nRoger Coll, de Vic<br \/>\n<strong>Simcha Even-Chen, de Rehovot (Israel) [guardonada amb el 2n premi]<\/strong><br \/>\n\u00c1ngela Garc\u00eda, de Barcelona<br \/>\nAlberto Gonz\u00e1lez Bustos, de Bellvei (Tarragona)<br \/>\nRachel Grimshaw, de Wigan (Regne Unit)<br \/>\nNoemi Iglesias, de La Felguera (Ast\u00faries)<br \/>\nLee Jinhwi, de Kiel (Alemanya)<br \/>\nLiu Jung Hui, de New Taipei (Taiwan)<br \/>\nSara Le\u00f3n Fern\u00e1ndez, de Badalona<br \/>\nCarlos Mart\u00ednez, d\u2019Elda (Alicant)<br \/>\nCristina Mato, d\u2018Oviedo<br \/>\n<strong>Li Mingshu, d\u2019Oslo (Noruega) [guardonada amb el 3r premi]<\/strong><br \/>\nMiguel Molet, d\u2019Albelda (Osca)<br \/>\nIrina Razumovskaya, de Londres (Regne Unit)<br \/>\nOlga Simonova, Wiesbaden (Alemanya)<br \/>\nYang Yu-Jui, de Tainan (Taiwan)<\/p>\n<p><img loading=\"lazy\" decoding=\"async\" class=\"alignnone size-large wp-image-16777\" src=\"http:\/\/www.mariusdomingo.com\/altacapa\/img_blog\/olga-simonova-_-x-biennal-internacional-de-cer\u00e0mica-del-vendrell-_-setembre-2019-2-700x1010.jpg\" alt=\"\" width=\"700\" height=\"1010\" srcset=\"https:\/\/www.mariusdomingo.com\/altacapa\/img_blog\/olga-simonova-_-x-biennal-internacional-de-cer\u00e0mica-del-vendrell-_-setembre-2019-2-700x1010.jpg 700w, https:\/\/www.mariusdomingo.com\/altacapa\/img_blog\/olga-simonova-_-x-biennal-internacional-de-cer\u00e0mica-del-vendrell-_-setembre-2019-2-208x300.jpg 208w, https:\/\/www.mariusdomingo.com\/altacapa\/img_blog\/olga-simonova-_-x-biennal-internacional-de-cer\u00e0mica-del-vendrell-_-setembre-2019-2-768x1108.jpg 768w, https:\/\/www.mariusdomingo.com\/altacapa\/img_blog\/olga-simonova-_-x-biennal-internacional-de-cer\u00e0mica-del-vendrell-_-setembre-2019-2-800x1154.jpg 800w, https:\/\/www.mariusdomingo.com\/altacapa\/img_blog\/olga-simonova-_-x-biennal-internacional-de-cer\u00e0mica-del-vendrell-_-setembre-2019-2.jpg 1191w\" sizes=\"(max-width: 700px) 100vw, 700px\" \/><\/p>\n<p>[Exposici\u00f3 Fins al 3 de novembre][Horari: De dt. a ds. de 17 h a 20 h i ds., dg. i festius d\u201911 h a 14.][Sala Portal del Pardo | c\/ Major, 20 | El Vendrell]<\/p>\n","protected":false},"excerpt":{"rendered":"<p>Un plaer formar part del Jurat de la &#8220;X Biennal Internacional de Cer\u00e0mica&#8221; del Vendrell, amb S\u00edlvia Vaquero Martin, Camil\u00b7la P\u00e9rez Salv\u00e0, N\u00faria Soley Casas i David Places i Balsalobre. 232 peces presentades i un total de 19 seleccionades, amb un nivell francament bo. La pe\u00e7a guardonada amb el primer premi, A man&#8217;s bloodstream obra&#8230;<\/p>\n","protected":false},"author":3,"featured_media":16775,"comment_status":"open","ping_status":"open","sticky":false,"template":"","format":"standard","meta":{"footnotes":""},"categories":[39],"tags":[],"_links":{"self":[{"href":"https:\/\/www.mariusdomingo.com\/altacapa\/index.php?rest_route=\/wp\/v2\/posts\/16774"}],"collection":[{"href":"https:\/\/www.mariusdomingo.com\/altacapa\/index.php?rest_route=\/wp\/v2\/posts"}],"about":[{"href":"https:\/\/www.mariusdomingo.com\/altacapa\/index.php?rest_route=\/wp\/v2\/types\/post"}],"author":[{"embeddable":true,"href":"https:\/\/www.mariusdomingo.com\/altacapa\/index.php?rest_route=\/wp\/v2\/users\/3"}],"replies":[{"embeddable":true,"href":"https:\/\/www.mariusdomingo.com\/altacapa\/index.php?rest_route=%2Fwp%2Fv2%2Fcomments&post=16774"}],"version-history":[{"count":5,"href":"https:\/\/www.mariusdomingo.com\/altacapa\/index.php?rest_route=\/wp\/v2\/posts\/16774\/revisions"}],"predecessor-version":[{"id":16782,"href":"https:\/\/www.mariusdomingo.com\/altacapa\/index.php?rest_route=\/wp\/v2\/posts\/16774\/revisions\/16782"}],"wp:featuredmedia":[{"embeddable":true,"href":"https:\/\/www.mariusdomingo.com\/altacapa\/index.php?rest_route=\/wp\/v2\/media\/16775"}],"wp:attachment":[{"href":"https:\/\/www.mariusdomingo.com\/altacapa\/index.php?rest_route=%2Fwp%2Fv2%2Fmedia&parent=16774"}],"wp:term":[{"taxonomy":"category","embeddable":true,"href":"https:\/\/www.mariusdomingo.com\/altacapa\/index.php?rest_route=%2Fwp%2Fv2%2Fcategories&post=16774"},{"taxonomy":"post_tag","embeddable":true,"href":"https:\/\/www.mariusdomingo.com\/altacapa\/index.php?rest_route=%2Fwp%2Fv2%2Ftags&post=16774"}],"curies":[{"name":"wp","href":"https:\/\/api.w.org\/{rel}","templated":true}]}}