{"id":16824,"date":"2019-12-12T18:42:47","date_gmt":"2019-12-12T17:42:47","guid":{"rendered":"http:\/\/www.mariusdomingo.com\/altacapa\/?p=16824"},"modified":"2019-12-12T18:43:33","modified_gmt":"2019-12-12T17:43:33","slug":"iv-jornades-art-i-natura-urv","status":"publish","type":"post","link":"https:\/\/www.mariusdomingo.com\/altacapa\/?p=16824","title":{"rendered":"IV Jornades Art i Natura | URV"},"content":{"rendered":"<p>Nom\u00e9s he pogut assitir de forma puntual, per\u00f2 un any m\u00e9s ha estat un plaer compartir bons moments amb artistes i creadors en les IV Jornades Art i Natura [10 i 11 de desembre], que organitza l&#8217;<em>Aula d&#8217;Art de la URV<\/em> [Coordinat per l&#8217;Albert Macaya], amb Sergi Qui\u00f1onero, Nani Blasco, Jordi Abell\u00f3, Marta Pol, \u00c0ngels Viladomiu i Eul\u00e0lia Valldosera.<\/p>\n<p><img loading=\"lazy\" decoding=\"async\" class=\"alignnone  wp-image-16826\" src=\"http:\/\/www.mariusdomingo.com\/altacapa\/img_blog\/iv-jornades-art-i-natura-urv-_-desembre-2019-2-700x744.jpg\" alt=\"\" width=\"523\" height=\"556\" srcset=\"https:\/\/www.mariusdomingo.com\/altacapa\/img_blog\/iv-jornades-art-i-natura-urv-_-desembre-2019-2-700x744.jpg 700w, https:\/\/www.mariusdomingo.com\/altacapa\/img_blog\/iv-jornades-art-i-natura-urv-_-desembre-2019-2-282x300.jpg 282w, https:\/\/www.mariusdomingo.com\/altacapa\/img_blog\/iv-jornades-art-i-natura-urv-_-desembre-2019-2-768x816.jpg 768w, https:\/\/www.mariusdomingo.com\/altacapa\/img_blog\/iv-jornades-art-i-natura-urv-_-desembre-2019-2-800x850.jpg 800w, https:\/\/www.mariusdomingo.com\/altacapa\/img_blog\/iv-jornades-art-i-natura-urv-_-desembre-2019-2.jpg 1412w\" sizes=\"(max-width: 523px) 100vw, 523px\" \/><\/p>\n","protected":false},"excerpt":{"rendered":"<p>Nom\u00e9s he pogut assitir de forma puntual, per\u00f2 un any m\u00e9s ha estat un plaer compartir bons moments amb artistes i creadors en les IV Jornades Art i Natura [10 i 11 de desembre], que organitza l&#8217;Aula d&#8217;Art de la URV [Coordinat per l&#8217;Albert Macaya], amb Sergi Qui\u00f1onero, Nani Blasco, Jordi Abell\u00f3, Marta Pol, \u00c0ngels&#8230;<\/p>\n","protected":false},"author":3,"featured_media":16825,"comment_status":"open","ping_status":"open","sticky":false,"template":"","format":"standard","meta":{"footnotes":""},"categories":[37,113],"tags":[],"_links":{"self":[{"href":"https:\/\/www.mariusdomingo.com\/altacapa\/index.php?rest_route=\/wp\/v2\/posts\/16824"}],"collection":[{"href":"https:\/\/www.mariusdomingo.com\/altacapa\/index.php?rest_route=\/wp\/v2\/posts"}],"about":[{"href":"https:\/\/www.mariusdomingo.com\/altacapa\/index.php?rest_route=\/wp\/v2\/types\/post"}],"author":[{"embeddable":true,"href":"https:\/\/www.mariusdomingo.com\/altacapa\/index.php?rest_route=\/wp\/v2\/users\/3"}],"replies":[{"embeddable":true,"href":"https:\/\/www.mariusdomingo.com\/altacapa\/index.php?rest_route=%2Fwp%2Fv2%2Fcomments&post=16824"}],"version-history":[{"count":2,"href":"https:\/\/www.mariusdomingo.com\/altacapa\/index.php?rest_route=\/wp\/v2\/posts\/16824\/revisions"}],"predecessor-version":[{"id":16828,"href":"https:\/\/www.mariusdomingo.com\/altacapa\/index.php?rest_route=\/wp\/v2\/posts\/16824\/revisions\/16828"}],"wp:featuredmedia":[{"embeddable":true,"href":"https:\/\/www.mariusdomingo.com\/altacapa\/index.php?rest_route=\/wp\/v2\/media\/16825"}],"wp:attachment":[{"href":"https:\/\/www.mariusdomingo.com\/altacapa\/index.php?rest_route=%2Fwp%2Fv2%2Fmedia&parent=16824"}],"wp:term":[{"taxonomy":"category","embeddable":true,"href":"https:\/\/www.mariusdomingo.com\/altacapa\/index.php?rest_route=%2Fwp%2Fv2%2Fcategories&post=16824"},{"taxonomy":"post_tag","embeddable":true,"href":"https:\/\/www.mariusdomingo.com\/altacapa\/index.php?rest_route=%2Fwp%2Fv2%2Ftags&post=16824"}],"curies":[{"name":"wp","href":"https:\/\/api.w.org\/{rel}","templated":true}]}}