{"id":17008,"date":"2020-10-31T20:21:34","date_gmt":"2020-10-31T19:21:34","guid":{"rendered":"http:\/\/www.mariusdomingo.com\/altacapa\/?p=17008"},"modified":"2020-10-31T20:21:34","modified_gmt":"2020-10-31T19:21:34","slug":"xix-exposicio-collectiva-del-sindicat-diniciativa-i-turisme-de-tarragona","status":"publish","type":"post","link":"https:\/\/www.mariusdomingo.com\/altacapa\/?p=17008","title":{"rendered":"XIX Exposici\u00f3 Col\u00b7lectiva del Sindicat d\u2019Iniciativa i Turisme de Tarragona"},"content":{"rendered":"<p>El centenari \u201cSindicat d\u2019Iniciativa i Turisme de Tarragona\u201d ja porten 29 anys fent aquesta mostra d\u2019artistes \u2014pintors\u2014 vinculats a Tarragona. Borges deia que totes els llibres tenen alguna l\u00ednia que mereix la nostra lectura, aquesta expo t\u00e9 algunes obres que mereixen la nostra visita.<\/p>\n<p><img loading=\"lazy\" decoding=\"async\" class=\"alignnone  wp-image-17010\" src=\"http:\/\/www.mariusdomingo.com\/altacapa\/img_blog\/IMG_7971-700x700.jpg\" alt=\"\" width=\"456\" height=\"456\" srcset=\"https:\/\/www.mariusdomingo.com\/altacapa\/img_blog\/IMG_7971-700x700.jpg 700w, https:\/\/www.mariusdomingo.com\/altacapa\/img_blog\/IMG_7971-150x150.jpg 150w, https:\/\/www.mariusdomingo.com\/altacapa\/img_blog\/IMG_7971-300x300.jpg 300w, https:\/\/www.mariusdomingo.com\/altacapa\/img_blog\/IMG_7971-768x768.jpg 768w, https:\/\/www.mariusdomingo.com\/altacapa\/img_blog\/IMG_7971-800x800.jpg 800w, https:\/\/www.mariusdomingo.com\/altacapa\/img_blog\/IMG_7971.jpg 1280w\" sizes=\"(max-width: 456px) 100vw, 456px\" \/><\/p>\n<p>[ARTISTES: Elena Badiu, Argengol J. Freixa, Ram\u00f3n Arest\u00e9, Isla Josep, Josep M. Galvald\u00e0, MacMMuro, Joan Carles, Pepe Arag\u00f3n, M. Dolors Poch, Laura Mestre, S\u00e1nchez Iranzo, Avel, Josep Farell, Montse Tejada, Paquita Figuerola, Joana Gavald\u00e0, Pere J. Salas, Vicky Rold\u00e1n, Ethel Mart\u00ed, Eduard Virgili [imatge \u2191], Manuel Aguado, Ana Soldevila, Sol\u00e9 Pedrol i Antonio Tom\u00e0s ]<\/p>\n<p>[Refugi 1 | Moll de Costa del Port de Tarragona][Fins el 13 de desembre de 2020].<\/p>\n","protected":false},"excerpt":{"rendered":"<p>El centenari \u201cSindicat d\u2019Iniciativa i Turisme de Tarragona\u201d ja porten 29 anys fent aquesta mostra d\u2019artistes \u2014pintors\u2014 vinculats a Tarragona. Borges deia que totes els llibres tenen alguna l\u00ednia que mereix la nostra lectura, aquesta expo t\u00e9 algunes obres que mereixen la nostra visita. [ARTISTES: Elena Badiu, Argengol J. Freixa, Ram\u00f3n Arest\u00e9, Isla Josep, Josep&#8230;<\/p>\n","protected":false},"author":3,"featured_media":17009,"comment_status":"open","ping_status":"open","sticky":false,"template":"","format":"standard","meta":{"footnotes":""},"categories":[19],"tags":[],"_links":{"self":[{"href":"https:\/\/www.mariusdomingo.com\/altacapa\/index.php?rest_route=\/wp\/v2\/posts\/17008"}],"collection":[{"href":"https:\/\/www.mariusdomingo.com\/altacapa\/index.php?rest_route=\/wp\/v2\/posts"}],"about":[{"href":"https:\/\/www.mariusdomingo.com\/altacapa\/index.php?rest_route=\/wp\/v2\/types\/post"}],"author":[{"embeddable":true,"href":"https:\/\/www.mariusdomingo.com\/altacapa\/index.php?rest_route=\/wp\/v2\/users\/3"}],"replies":[{"embeddable":true,"href":"https:\/\/www.mariusdomingo.com\/altacapa\/index.php?rest_route=%2Fwp%2Fv2%2Fcomments&post=17008"}],"version-history":[{"count":1,"href":"https:\/\/www.mariusdomingo.com\/altacapa\/index.php?rest_route=\/wp\/v2\/posts\/17008\/revisions"}],"predecessor-version":[{"id":17011,"href":"https:\/\/www.mariusdomingo.com\/altacapa\/index.php?rest_route=\/wp\/v2\/posts\/17008\/revisions\/17011"}],"wp:featuredmedia":[{"embeddable":true,"href":"https:\/\/www.mariusdomingo.com\/altacapa\/index.php?rest_route=\/wp\/v2\/media\/17009"}],"wp:attachment":[{"href":"https:\/\/www.mariusdomingo.com\/altacapa\/index.php?rest_route=%2Fwp%2Fv2%2Fmedia&parent=17008"}],"wp:term":[{"taxonomy":"category","embeddable":true,"href":"https:\/\/www.mariusdomingo.com\/altacapa\/index.php?rest_route=%2Fwp%2Fv2%2Fcategories&post=17008"},{"taxonomy":"post_tag","embeddable":true,"href":"https:\/\/www.mariusdomingo.com\/altacapa\/index.php?rest_route=%2Fwp%2Fv2%2Ftags&post=17008"}],"curies":[{"name":"wp","href":"https:\/\/api.w.org\/{rel}","templated":true}]}}