{"id":17147,"date":"2021-03-26T19:05:27","date_gmt":"2021-03-26T18:05:27","guid":{"rendered":"http:\/\/www.mariusdomingo.com\/altacapa\/?p=17147"},"modified":"2021-03-28T19:06:41","modified_gmt":"2021-03-28T18:06:41","slug":"joseph-beuys-la-virreina-centre-de-la-imatge","status":"publish","type":"post","link":"https:\/\/www.mariusdomingo.com\/altacapa\/?p=17147","title":{"rendered":"Joseph Beuys | La Virreina &#8211; Centre de la Imatge"},"content":{"rendered":"<p>La influ\u00e8ncia de Joseph Beuys (Krefeld, 1921 \u2013 D\u00fcsseldorf, 1986) en la cultura del segle XX ja \u00e9s del tot indiscutible. En aquesta mostra de La Virreina [del 5 de mar\u00e7 al 25 d\u2019abril de 2021] Valent\u00edn Roma, comissari de l\u2019exposici\u00f3, ens proposa una aproximaci\u00f3 a la seva obra i al context cultural i pol\u00edtic en qu\u00e8 es va realitzar, molt especialment els anys 70 i 80 i la participaci\u00f3 de Beuys en la Documenta de Kassel dels anys 1972, 1977 i 1982. El recorregut expositiu s\u2019articula en tres \u00e0mbits: \u00abPedagogia radical\u00bb, \u00abDemocr\u00e0cia directa\u00bb i \u00abPl\u00e0stica social\u00bb.<\/p>\n<p><img loading=\"lazy\" decoding=\"async\" class=\"alignnone size-full wp-image-17149\" src=\"http:\/\/www.mariusdomingo.com\/altacapa\/img_blog\/IMG_9544.jpg\" alt=\"\" width=\"495\" height=\"640\" srcset=\"https:\/\/www.mariusdomingo.com\/altacapa\/img_blog\/IMG_9544.jpg 495w, https:\/\/www.mariusdomingo.com\/altacapa\/img_blog\/IMG_9544-232x300.jpg 232w\" sizes=\"(max-width: 495px) 100vw, 495px\" \/><\/p>\n<p>\u00abLa Virreina Centre de la Imatge\u00bb continua editant bons fulls de sala, petites monografies en paper, que per a molts podrien ser una cosa molt ex\u00f2tica \u2015avui dia que tenir un codi QR tatuat en el bra\u00e7 es considera en alguns ambients una cosa d\u2019all\u00f2 m\u00e9s <em>cool<\/em>\u2015 per\u00f2 per altres, entre els que m\u2019incloc, tenen una utilitat considerable ja que ens permeten fer un rep\u00e0s a les exposicions visitades i com en aquest cas, obtenir un punt de vista nou del que hem vist, gr\u00e0cies al text d\u2019\u00c1ngel Gonz\u00e1lez Garc\u00eda.<\/p>\n","protected":false},"excerpt":{"rendered":"<p>La influ\u00e8ncia de Joseph Beuys (Krefeld, 1921 \u2013 D\u00fcsseldorf, 1986) en la cultura del segle XX ja \u00e9s del tot indiscutible. En aquesta mostra de La Virreina [del 5 de mar\u00e7 al 25 d\u2019abril de 2021] Valent\u00edn Roma, comissari de l\u2019exposici\u00f3, ens proposa una aproximaci\u00f3 a la seva obra i al context cultural i pol\u00edtic&#8230;<\/p>\n","protected":false},"author":3,"featured_media":17148,"comment_status":"open","ping_status":"open","sticky":false,"template":"","format":"standard","meta":{"footnotes":""},"categories":[37,19,31],"tags":[],"_links":{"self":[{"href":"https:\/\/www.mariusdomingo.com\/altacapa\/index.php?rest_route=\/wp\/v2\/posts\/17147"}],"collection":[{"href":"https:\/\/www.mariusdomingo.com\/altacapa\/index.php?rest_route=\/wp\/v2\/posts"}],"about":[{"href":"https:\/\/www.mariusdomingo.com\/altacapa\/index.php?rest_route=\/wp\/v2\/types\/post"}],"author":[{"embeddable":true,"href":"https:\/\/www.mariusdomingo.com\/altacapa\/index.php?rest_route=\/wp\/v2\/users\/3"}],"replies":[{"embeddable":true,"href":"https:\/\/www.mariusdomingo.com\/altacapa\/index.php?rest_route=%2Fwp%2Fv2%2Fcomments&post=17147"}],"version-history":[{"count":3,"href":"https:\/\/www.mariusdomingo.com\/altacapa\/index.php?rest_route=\/wp\/v2\/posts\/17147\/revisions"}],"predecessor-version":[{"id":17152,"href":"https:\/\/www.mariusdomingo.com\/altacapa\/index.php?rest_route=\/wp\/v2\/posts\/17147\/revisions\/17152"}],"wp:featuredmedia":[{"embeddable":true,"href":"https:\/\/www.mariusdomingo.com\/altacapa\/index.php?rest_route=\/wp\/v2\/media\/17148"}],"wp:attachment":[{"href":"https:\/\/www.mariusdomingo.com\/altacapa\/index.php?rest_route=%2Fwp%2Fv2%2Fmedia&parent=17147"}],"wp:term":[{"taxonomy":"category","embeddable":true,"href":"https:\/\/www.mariusdomingo.com\/altacapa\/index.php?rest_route=%2Fwp%2Fv2%2Fcategories&post=17147"},{"taxonomy":"post_tag","embeddable":true,"href":"https:\/\/www.mariusdomingo.com\/altacapa\/index.php?rest_route=%2Fwp%2Fv2%2Ftags&post=17147"}],"curies":[{"name":"wp","href":"https:\/\/api.w.org\/{rel}","templated":true}]}}