{"id":17307,"date":"2021-06-21T19:05:34","date_gmt":"2021-06-21T18:05:34","guid":{"rendered":"http:\/\/www.mariusdomingo.com\/altacapa\/?p=17307"},"modified":"2021-06-21T19:30:15","modified_gmt":"2021-06-21T18:30:15","slug":"miralda-el-banquet-gegant","status":"publish","type":"post","link":"https:\/\/www.mariusdomingo.com\/altacapa\/?p=17307","title":{"rendered":"Miralda | El banquet gegant"},"content":{"rendered":"\n<p>L&#8217;any 1998 l&#8217;artista Antoni Miralda va dirigir la performance <em>El\u00a0Banquet Gegant<\/em>, amb participaci\u00f3 d&#8217;un bon grapat d&#8217;artistes del territori i amb el comissariat d&#8217;Aureli Ruiz. L\u2019organitzaci\u00f3 la van portar a terme l\u2019Ajuntament de Reus i els tallers de la <a rel=\"noreferrer noopener\" href=\"https:\/\/www.quaderndelesidees.press\/quam-projecte-en-proces\/\" data-type=\"URL\" data-id=\"https:\/\/www.quaderndelesidees.press\/quam-projecte-en-proces\/\" target=\"_blank\">QUAM<\/a>. 23 anys despr\u00e9s assistim a la preestrena d&#8217;un documental \u2014produ\u00eft per la Ferida Produccions (Gerard Gil i David Fern\u00e1ndez) i dirigit per \u00c0lvar Calvet, amb el suport de l&#8217;institut Municipal Reus Cultura i la Diputaci\u00f3 de Tarragona\u2014 que documenta i posa en valor aquella acci\u00f3. Recuperaci\u00f3 de la &#8220;mem\u00f2ria art\u00edstica&#8221; local totalment pertinent i un gran treball arxiv\u00edstic i de recerca de l&#8217;\u00c0lvar Calvet. <\/p>\n\n\n\n<figure class=\"wp-block-image size-large is-resized\"><img loading=\"lazy\" decoding=\"async\" src=\"http:\/\/www.mariusdomingo.com\/altacapa\/img_blog\/IMG_0727.jpg\" alt=\"\" class=\"wp-image-17308\" width=\"472\" height=\"354\" srcset=\"https:\/\/www.mariusdomingo.com\/altacapa\/img_blog\/IMG_0727.jpg 640w, https:\/\/www.mariusdomingo.com\/altacapa\/img_blog\/IMG_0727-300x225.jpg 300w, https:\/\/www.mariusdomingo.com\/altacapa\/img_blog\/IMG_0727-80x60.jpg 80w\" sizes=\"(max-width: 472px) 100vw, 472px\" \/><\/figure>\n\n\n\n<p>Un plaer escoltar Antoni Miralda recordant com va ser aquell<em> banquet gegant <\/em>fet per als gegants de Reus el dia \u00a027 de juny de 1998 a la pla\u00e7a Llibertat, que es va servir sobre les pedres que fins uns dies abans havien format part del monument franquista que presidia aquell mateix lloc. Com deien alguns dels assistents a la projecci\u00f3 i a la taula rodona que es va fer despr\u00e9s, potser avui dia, una idea com aquella, esbojarrada i genial, dif\u00edcilment es podria realitzar.  <\/p>\n\n\n\n<figure class=\"wp-block-image size-large is-resized\"><img loading=\"lazy\" decoding=\"async\" src=\"http:\/\/www.mariusdomingo.com\/altacapa\/img_blog\/IMG_0737.jpg\" alt=\"\" class=\"wp-image-17310\" width=\"593\" height=\"444\" srcset=\"https:\/\/www.mariusdomingo.com\/altacapa\/img_blog\/IMG_0737.jpg 640w, https:\/\/www.mariusdomingo.com\/altacapa\/img_blog\/IMG_0737-300x225.jpg 300w, https:\/\/www.mariusdomingo.com\/altacapa\/img_blog\/IMG_0737-80x60.jpg 80w\" sizes=\"(max-width: 593px) 100vw, 593px\" \/><\/figure>\n\n\n\n<p>[Preestrena del\u00a0documental sobre\u00a0<em>el Banquet Gegant\u00a0<\/em>d&#8217;Antoni Miralda][divendres\u00a018 de juny 2021 | 19:00] [Cal Mass\u00f3\u00a0&#8211; \u00a0Carrer de Pr\u00f2sper de Bofarull, 7, 43202 Reus]<\/p>\n","protected":false},"excerpt":{"rendered":"<p>L&#8217;any 1998 l&#8217;artista Antoni Miralda va dirigir la performance El\u00a0Banquet Gegant, amb participaci\u00f3 d&#8217;un bon grapat d&#8217;artistes del territori i amb el comissariat d&#8217;Aureli Ruiz. L\u2019organitzaci\u00f3 la van portar a terme l\u2019Ajuntament de Reus i els tallers de la QUAM. 23 anys despr\u00e9s assistim a la preestrena d&#8217;un documental \u2014produ\u00eft per la Ferida Produccions (Gerard&#8230;<\/p>\n","protected":false},"author":3,"featured_media":17309,"comment_status":"open","ping_status":"open","sticky":false,"template":"","format":"standard","meta":{"footnotes":""},"categories":[37,8,31],"tags":[],"_links":{"self":[{"href":"https:\/\/www.mariusdomingo.com\/altacapa\/index.php?rest_route=\/wp\/v2\/posts\/17307"}],"collection":[{"href":"https:\/\/www.mariusdomingo.com\/altacapa\/index.php?rest_route=\/wp\/v2\/posts"}],"about":[{"href":"https:\/\/www.mariusdomingo.com\/altacapa\/index.php?rest_route=\/wp\/v2\/types\/post"}],"author":[{"embeddable":true,"href":"https:\/\/www.mariusdomingo.com\/altacapa\/index.php?rest_route=\/wp\/v2\/users\/3"}],"replies":[{"embeddable":true,"href":"https:\/\/www.mariusdomingo.com\/altacapa\/index.php?rest_route=%2Fwp%2Fv2%2Fcomments&post=17307"}],"version-history":[{"count":5,"href":"https:\/\/www.mariusdomingo.com\/altacapa\/index.php?rest_route=\/wp\/v2\/posts\/17307\/revisions"}],"predecessor-version":[{"id":17319,"href":"https:\/\/www.mariusdomingo.com\/altacapa\/index.php?rest_route=\/wp\/v2\/posts\/17307\/revisions\/17319"}],"wp:featuredmedia":[{"embeddable":true,"href":"https:\/\/www.mariusdomingo.com\/altacapa\/index.php?rest_route=\/wp\/v2\/media\/17309"}],"wp:attachment":[{"href":"https:\/\/www.mariusdomingo.com\/altacapa\/index.php?rest_route=%2Fwp%2Fv2%2Fmedia&parent=17307"}],"wp:term":[{"taxonomy":"category","embeddable":true,"href":"https:\/\/www.mariusdomingo.com\/altacapa\/index.php?rest_route=%2Fwp%2Fv2%2Fcategories&post=17307"},{"taxonomy":"post_tag","embeddable":true,"href":"https:\/\/www.mariusdomingo.com\/altacapa\/index.php?rest_route=%2Fwp%2Fv2%2Ftags&post=17307"}],"curies":[{"name":"wp","href":"https:\/\/api.w.org\/{rel}","templated":true}]}}