{"id":174,"date":"2007-03-18T00:11:08","date_gmt":"2007-03-17T23:11:08","guid":{"rendered":"http:\/\/www.mariusdomingo.com\/altacapa\/?p=174"},"modified":"2007-03-18T00:55:33","modified_gmt":"2007-03-17T23:55:33","slug":"valeriano-bozal-ejercicios-de-la-violencia-en-el-arte-contemporaneo","status":"publish","type":"post","link":"https:\/\/www.mariusdomingo.com\/altacapa\/?p=174","title":{"rendered":"Valeriano Bozal: Ejercicios de la violencia en el arte contemporaneo"},"content":{"rendered":"<p><img loading=\"lazy\" decoding=\"async\" id=\"image173\" style=\"width: 85px; height: 117px\" height=\"117\" alt=\"ejercicios-de-la-vilencia_valeriano_bozal.jpg\" src=\"http:\/\/www.mariusdomingo.com\/altacapa\/wp-content\/ejercicios-de-la-vilencia_valeriano_bozal.jpg\" width=\"85\" \/><\/p>\n<p><font size=\"1\">|Valeriano Bozal i altres|Ejercicios de la violencia en el arte contemporaneo| Cuadernos de la C\u00e1tedra Jorge Oteiza, Universidad P\u00fablica de Navarra-Nafarroako Unibertsitate Publikoa|Pamplona, 2006|256 p\u00e0gines| <\/font><\/p>\n<p>\u00c9s un dels llibres que estic llegint aquests dies. Crec que \u00e9s un dels primers llibres on es parla de les imatges de les v\u00edctimes del 11-M i del seu efecte medi\u00e0tic. El Guernica, i Goya tamb\u00e9 s\u00f3n tractats per Bozal. En el cap\u00edtol 3, Carlos Thiebaut ens parla de W.G. Sebald, un dels escriptors que m\u00e9s m&#8217;agraden. En altres cap\u00edtols, que encara no he llegit, s&#8217;analitza l&#8217;obra de Sarah Lucas, Tracey Emin i Cindy Sherman, entre altres. Saura i Millares tamb\u00e9 tenen un espai. El llibre t\u00e9\u00a0 una edici\u00f3 molt acurada, amb moltes imatges en color, cosa que sempre agraeixo per qu\u00e8 sovint identifico millor una obra quan la veig, en aquest cas una reproducci\u00f3, que quan\u00a0llegeixo qui \u00e9s l&#8217;autor i com es titula. El preu tamb\u00e9 est\u00e0 b\u00e9: 15 \u20ac.<\/p>\n<p>\u00a0<\/p>\n","protected":false},"excerpt":{"rendered":"<p>|Valeriano Bozal i altres|Ejercicios de la violencia en el arte contemporaneo| Cuadernos de la C\u00e1tedra Jorge Oteiza, Universidad P\u00fablica de Navarra-Nafarroako Unibertsitate Publikoa|Pamplona, 2006|256 p\u00e0gines| \u00c9s un dels llibres que estic llegint aquests dies. Crec que \u00e9s un dels primers llibres on es parla de les imatges de les v\u00edctimes del 11-M i del seu&#8230;<\/p>\n","protected":false},"author":3,"featured_media":0,"comment_status":"open","ping_status":"open","sticky":false,"template":"","format":"standard","meta":{"footnotes":""},"categories":[3],"tags":[],"_links":{"self":[{"href":"https:\/\/www.mariusdomingo.com\/altacapa\/index.php?rest_route=\/wp\/v2\/posts\/174"}],"collection":[{"href":"https:\/\/www.mariusdomingo.com\/altacapa\/index.php?rest_route=\/wp\/v2\/posts"}],"about":[{"href":"https:\/\/www.mariusdomingo.com\/altacapa\/index.php?rest_route=\/wp\/v2\/types\/post"}],"author":[{"embeddable":true,"href":"https:\/\/www.mariusdomingo.com\/altacapa\/index.php?rest_route=\/wp\/v2\/users\/3"}],"replies":[{"embeddable":true,"href":"https:\/\/www.mariusdomingo.com\/altacapa\/index.php?rest_route=%2Fwp%2Fv2%2Fcomments&post=174"}],"version-history":[{"count":0,"href":"https:\/\/www.mariusdomingo.com\/altacapa\/index.php?rest_route=\/wp\/v2\/posts\/174\/revisions"}],"wp:attachment":[{"href":"https:\/\/www.mariusdomingo.com\/altacapa\/index.php?rest_route=%2Fwp%2Fv2%2Fmedia&parent=174"}],"wp:term":[{"taxonomy":"category","embeddable":true,"href":"https:\/\/www.mariusdomingo.com\/altacapa\/index.php?rest_route=%2Fwp%2Fv2%2Fcategories&post=174"},{"taxonomy":"post_tag","embeddable":true,"href":"https:\/\/www.mariusdomingo.com\/altacapa\/index.php?rest_route=%2Fwp%2Fv2%2Ftags&post=174"}],"curies":[{"name":"wp","href":"https:\/\/api.w.org\/{rel}","templated":true}]}}