{"id":17787,"date":"2022-04-29T18:18:00","date_gmt":"2022-04-29T17:18:00","guid":{"rendered":"http:\/\/www.mariusdomingo.com\/altacapa\/?p=17787"},"modified":"2022-05-07T18:40:24","modified_gmt":"2022-05-07T17:40:24","slug":"ricardo-trigo-colza","status":"publish","type":"post","link":"https:\/\/www.mariusdomingo.com\/altacapa\/?p=17787","title":{"rendered":"Ricardo Trigo | Colza"},"content":{"rendered":"\n<figure class=\"wp-block-image size-large is-resized\"><img loading=\"lazy\" decoding=\"async\" src=\"http:\/\/www.mariusdomingo.com\/altacapa\/img_blog\/IMG_6085-700x933.jpg\" alt=\"\" class=\"wp-image-17790\" width=\"418\" height=\"557\" srcset=\"https:\/\/www.mariusdomingo.com\/altacapa\/img_blog\/IMG_6085-700x933.jpg 700w, https:\/\/www.mariusdomingo.com\/altacapa\/img_blog\/IMG_6085-225x300.jpg 225w, https:\/\/www.mariusdomingo.com\/altacapa\/img_blog\/IMG_6085-768x1024.jpg 768w, https:\/\/www.mariusdomingo.com\/altacapa\/img_blog\/IMG_6085-1152x1536.jpg 1152w, https:\/\/www.mariusdomingo.com\/altacapa\/img_blog\/IMG_6085-800x1067.jpg 800w, https:\/\/www.mariusdomingo.com\/altacapa\/img_blog\/IMG_6085.jpg 1512w\" sizes=\"(max-width: 418px) 100vw, 418px\" \/><\/figure>\n\n\n\n<p>Ricardo Trigo (1980, Palafrugell) reflexiona sobre els camps de colza dedicats a la producci\u00f3 de biodi\u00e8sel i &#8220;com es pot processar, mitjan\u00e7ant la pr\u00e0ctica art\u00edstica, en una forma d&#8217;extracci\u00f3, creaci\u00f3 i distribuci\u00f3 d&#8217;energia amb un elevat \u00edndex de desordre entr\u00f2pic&#8221;.<\/p>\n\n\n\n<p>Ara que l&#8217;energia \u00e9s m\u00e9s que mai un b\u00e9 preuat, en qu\u00e8 la carestia de petroli i gas natural ens empaiten cap a els biocombustibles (sense que estigui clar que en la seva producci\u00f3 no es gasti m\u00e9s energia de la que s&#8217;obt\u00e9), \u00e9s fa molt necessari iniciar una investigaci\u00f3 sobre les connotacions art\u00edstiques  \u2015i per tant tamb\u00e9 socials, antropol\u00f2giques, pol\u00edtiques&#8230;\u2015 de tot plegat, amb un rerefons est\u00e8tic de modificaci\u00f3 d&#8217;h\u00e0bits i tamb\u00e9 del paisatge que ens envolta. <\/p>\n\n\n\n<figure class=\"wp-block-image size-large is-resized\"><img loading=\"lazy\" decoding=\"async\" src=\"http:\/\/www.mariusdomingo.com\/altacapa\/img_blog\/IMG_6044-700x933.jpg\" alt=\"\" class=\"wp-image-17789\" width=\"558\" height=\"744\" srcset=\"https:\/\/www.mariusdomingo.com\/altacapa\/img_blog\/IMG_6044-700x933.jpg 700w, https:\/\/www.mariusdomingo.com\/altacapa\/img_blog\/IMG_6044-225x300.jpg 225w, https:\/\/www.mariusdomingo.com\/altacapa\/img_blog\/IMG_6044-768x1024.jpg 768w, https:\/\/www.mariusdomingo.com\/altacapa\/img_blog\/IMG_6044-1152x1536.jpg 1152w, https:\/\/www.mariusdomingo.com\/altacapa\/img_blog\/IMG_6044-800x1067.jpg 800w, https:\/\/www.mariusdomingo.com\/altacapa\/img_blog\/IMG_6044-rotated.jpg 1512w\" sizes=\"(max-width: 558px) 100vw, 558px\" \/><\/figure>\n\n\n\n<p>[Colza | acci\u00f3 de Ricardo Trigo | Ullastret 30 d&#8217;abril de 2022][una iniciativa promoguda per <a rel=\"noreferrer noopener\" href=\"https:\/\/pipistrello.hotglue.me\/\" target=\"_blank\">Pipistrello<\/a>: David Bestu\u00e9, Xavier Ristol, Ludovica Cabrotta, Enric Farr\u00e9s Duran i Rasmus Nilausen]<\/p>\n","protected":false},"excerpt":{"rendered":"<p>Ricardo Trigo (1980, Palafrugell) reflexiona sobre els camps de colza dedicats a la producci\u00f3 de biodi\u00e8sel i &#8220;com es pot processar, mitjan\u00e7ant la pr\u00e0ctica art\u00edstica, en una forma d&#8217;extracci\u00f3, creaci\u00f3 i distribuci\u00f3 d&#8217;energia amb un elevat \u00edndex de desordre entr\u00f2pic&#8221;. Ara que l&#8217;energia \u00e9s m\u00e9s que mai un b\u00e9 preuat, en qu\u00e8 la carestia de&#8230;<\/p>\n","protected":false},"author":3,"featured_media":17788,"comment_status":"open","ping_status":"open","sticky":false,"template":"","format":"standard","meta":{"footnotes":""},"categories":[116],"tags":[],"_links":{"self":[{"href":"https:\/\/www.mariusdomingo.com\/altacapa\/index.php?rest_route=\/wp\/v2\/posts\/17787"}],"collection":[{"href":"https:\/\/www.mariusdomingo.com\/altacapa\/index.php?rest_route=\/wp\/v2\/posts"}],"about":[{"href":"https:\/\/www.mariusdomingo.com\/altacapa\/index.php?rest_route=\/wp\/v2\/types\/post"}],"author":[{"embeddable":true,"href":"https:\/\/www.mariusdomingo.com\/altacapa\/index.php?rest_route=\/wp\/v2\/users\/3"}],"replies":[{"embeddable":true,"href":"https:\/\/www.mariusdomingo.com\/altacapa\/index.php?rest_route=%2Fwp%2Fv2%2Fcomments&post=17787"}],"version-history":[{"count":1,"href":"https:\/\/www.mariusdomingo.com\/altacapa\/index.php?rest_route=\/wp\/v2\/posts\/17787\/revisions"}],"predecessor-version":[{"id":17791,"href":"https:\/\/www.mariusdomingo.com\/altacapa\/index.php?rest_route=\/wp\/v2\/posts\/17787\/revisions\/17791"}],"wp:featuredmedia":[{"embeddable":true,"href":"https:\/\/www.mariusdomingo.com\/altacapa\/index.php?rest_route=\/wp\/v2\/media\/17788"}],"wp:attachment":[{"href":"https:\/\/www.mariusdomingo.com\/altacapa\/index.php?rest_route=%2Fwp%2Fv2%2Fmedia&parent=17787"}],"wp:term":[{"taxonomy":"category","embeddable":true,"href":"https:\/\/www.mariusdomingo.com\/altacapa\/index.php?rest_route=%2Fwp%2Fv2%2Fcategories&post=17787"},{"taxonomy":"post_tag","embeddable":true,"href":"https:\/\/www.mariusdomingo.com\/altacapa\/index.php?rest_route=%2Fwp%2Fv2%2Ftags&post=17787"}],"curies":[{"name":"wp","href":"https:\/\/api.w.org\/{rel}","templated":true}]}}