{"id":17935,"date":"2022-11-20T16:39:51","date_gmt":"2022-11-20T15:39:51","guid":{"rendered":"https:\/\/www.mariusdomingo.com\/altacapa\/?p=17935"},"modified":"2022-11-20T16:39:54","modified_gmt":"2022-11-20T15:39:54","slug":"scan-2022-9e-festival-internacional-de-fotografia","status":"publish","type":"post","link":"https:\/\/www.mariusdomingo.com\/altacapa\/?p=17935","title":{"rendered":"SCAN 2022 | 9\u00e8 Festival internacional de fotografia"},"content":{"rendered":"\n<p><\/p>\n\n\n\n<p><\/p>\n\n\n\n<p>Aquest vespre s&#8217;ha inaugurat a Tarragona la novena edici\u00f3 del Festival internacional de fotografia <em><a href=\"https:\/\/www.scan.cat\/es\/\">SCAN<\/a><\/em>, possiblement un festival amb un format m\u00e9s modest que els que s&#8217;havien celebrat en altres ocasions, per\u00f2 amb la voluntat de fer-ho anualment, i amb l&#8217;objectiu de &#8220;situar l\u2019SCAN i la ciutat de Tarragona com a referents de la Mediterr\u00e0nia en l\u2019\u00e0mbit de la fotografia&#8221; segons manifesten els organitzadors. Vull ser optimista: la darrera edici\u00f3 es fa celebrar el 2018, i en teoria la convocat\u00f2ria era bianual&#8230;<\/p>\n\n\n\n<p>La decisi\u00f3 de buscar un eix tem\u00e0tic per cada edici\u00f3 m&#8217;ha semblat una bona idea, en aquesta ocasi\u00f3 el tema triat ha estat la guerra.<\/p>\n\n\n\n<p>\u201cWartime!\u201d, \u00e9s l&#8217;exposici\u00f3 estrella, i es podr\u00e0 veure a M\u00e8dol &#8211; Centre d\u2019Arts Contempor\u00e0nies de Tarragona, dins del tradicional programa Talent Latent. Peces de 9 artistes internacionals que reflexionen sobre la idea de <em>guerra<\/em>, per\u00f2 com explicava Sema D\u2019Acosta, el comissari responsable de fer-ne la selecci\u00f3, els projectes seleccionats se centren en les conseq\u00fc\u00e8ncies de la guerra des diferents punts de vista. Entre els artistes seleccionats hi ha el tarragon\u00ed  Lluc Queralt.<\/p>\n\n\n\n<figure class=\"wp-block-image size-large is-resized\"><img loading=\"lazy\" decoding=\"async\" src=\"https:\/\/www.mariusdomingo.com\/altacapa\/img_blog\/IMG_2954-1-700x933.jpg\" alt=\"\" class=\"wp-image-17937\" width=\"384\" height=\"512\" srcset=\"https:\/\/www.mariusdomingo.com\/altacapa\/img_blog\/IMG_2954-1-700x933.jpg 700w, https:\/\/www.mariusdomingo.com\/altacapa\/img_blog\/IMG_2954-1-225x300.jpg 225w, https:\/\/www.mariusdomingo.com\/altacapa\/img_blog\/IMG_2954-1-768x1024.jpg 768w, https:\/\/www.mariusdomingo.com\/altacapa\/img_blog\/IMG_2954-1-1152x1536.jpg 1152w, https:\/\/www.mariusdomingo.com\/altacapa\/img_blog\/IMG_2954-1-800x1067.jpg 800w, https:\/\/www.mariusdomingo.com\/altacapa\/img_blog\/IMG_2954-1.jpg 1512w\" sizes=\"(max-width: 384px) 100vw, 384px\" \/><\/figure>\n\n\n\n<p>En l&#8217;\u00e0mbit de l&#8217; SCAN tamb\u00e9 podem veure la mostra \u201cFar away from home: the voices, the body and the periphery\u201d al Personal Galeria Tarragona de la fotografa Hristina Tasheva, guanyadora del premi Full Contact 2018. Tasheva \u00e9s narradora visual i investigadora establerta als Pa\u00efsos Baixos i exposa el seu nou projecte amb el que ha viatjat fins als camps de concentraci\u00f3 nazis d\u2019Alemanya, Fran\u00e7a o Pol\u00f2nia, o comunistes com a Bulg\u00e0ria, el seu pa\u00eds d\u2019origen.\u00a0<\/p>\n\n\n\n<p>Altres activitats del festival son SCAN Photobooks, BiblioSCAN i SCAN Actiu. Aix\u00ed com les exposicions <em>Get Ready<\/em>, de Marcel Pey o\u00a0<em>Maquis<\/em>, de Jes\u00fas Monterde; i la projecci\u00f3 cinematogr\u00e0fica i un col\u00b7loqui amb\u00a0<em>Brutal Moods<\/em>, de Marta Bisbal. I Full Contact, punt de trobada professional entre fot\u00f2grafs i fot\u00f2grafes emergents i agents del m\u00f3n de l\u2019art.<\/p>\n\n\n\n<p>[El festival tindr\u00e0 lloc fins al 8 de gener de 2023 en diferents ubicacions de la ciutat de Tarragona]<\/p>\n\n\n\n<p><\/p>\n","protected":false},"excerpt":{"rendered":"<p>Aquest vespre s&#8217;ha inaugurat a Tarragona la novena edici\u00f3 del Festival internacional de fotografia SCAN, possiblement un festival amb un format m\u00e9s modest que els que s&#8217;havien celebrat en altres ocasions, per\u00f2 amb la voluntat de fer-ho anualment, i amb l&#8217;objectiu de &#8220;situar l\u2019SCAN i la ciutat de Tarragona com a referents de la Mediterr\u00e0nia&#8230;<\/p>\n","protected":false},"author":3,"featured_media":17936,"comment_status":"open","ping_status":"open","sticky":false,"template":"","format":"standard","meta":{"footnotes":""},"categories":[37,33,13],"tags":[],"_links":{"self":[{"href":"https:\/\/www.mariusdomingo.com\/altacapa\/index.php?rest_route=\/wp\/v2\/posts\/17935"}],"collection":[{"href":"https:\/\/www.mariusdomingo.com\/altacapa\/index.php?rest_route=\/wp\/v2\/posts"}],"about":[{"href":"https:\/\/www.mariusdomingo.com\/altacapa\/index.php?rest_route=\/wp\/v2\/types\/post"}],"author":[{"embeddable":true,"href":"https:\/\/www.mariusdomingo.com\/altacapa\/index.php?rest_route=\/wp\/v2\/users\/3"}],"replies":[{"embeddable":true,"href":"https:\/\/www.mariusdomingo.com\/altacapa\/index.php?rest_route=%2Fwp%2Fv2%2Fcomments&post=17935"}],"version-history":[{"count":1,"href":"https:\/\/www.mariusdomingo.com\/altacapa\/index.php?rest_route=\/wp\/v2\/posts\/17935\/revisions"}],"predecessor-version":[{"id":17938,"href":"https:\/\/www.mariusdomingo.com\/altacapa\/index.php?rest_route=\/wp\/v2\/posts\/17935\/revisions\/17938"}],"wp:featuredmedia":[{"embeddable":true,"href":"https:\/\/www.mariusdomingo.com\/altacapa\/index.php?rest_route=\/wp\/v2\/media\/17936"}],"wp:attachment":[{"href":"https:\/\/www.mariusdomingo.com\/altacapa\/index.php?rest_route=%2Fwp%2Fv2%2Fmedia&parent=17935"}],"wp:term":[{"taxonomy":"category","embeddable":true,"href":"https:\/\/www.mariusdomingo.com\/altacapa\/index.php?rest_route=%2Fwp%2Fv2%2Fcategories&post=17935"},{"taxonomy":"post_tag","embeddable":true,"href":"https:\/\/www.mariusdomingo.com\/altacapa\/index.php?rest_route=%2Fwp%2Fv2%2Ftags&post=17935"}],"curies":[{"name":"wp","href":"https:\/\/api.w.org\/{rel}","templated":true}]}}