{"id":18070,"date":"2023-04-08T12:55:22","date_gmt":"2023-04-08T11:55:22","guid":{"rendered":"https:\/\/www.mariusdomingo.com\/altacapa\/?p=18070"},"modified":"2023-04-08T18:34:09","modified_gmt":"2023-04-08T17:34:09","slug":"vicky-benitez-jardi-dexotiques-invasores","status":"publish","type":"post","link":"https:\/\/www.mariusdomingo.com\/altacapa\/?p=18070","title":{"rendered":"Vicky Ben\u00edtez | Jard\u00ed d&#8217;ex\u00f2tiques invasores"},"content":{"rendered":"\n<p>Potser per qu\u00e8 fa unes setmanes vaig llegir amb certa devoci\u00f3 <em>Elogio de las vagabundas<\/em> (Gustavo Gili, 2022) de Gilles Cl\u00e9ment, m&#8217;ha resultat molt pertinent \u00abImaginaris multisp\u00e8cies # Terres de Lleida\u00bb que a cura de Christian Alonso, podem veure a La Panera de Lleida fins el 28 de maig de 2023. <s>Potser<\/s> tots som esp\u00e8cies al\u00b7l\u00f2ctones, en algun moment donat hem arribat aqu\u00ed, al barri\/ciutat\/pa\u00eds on ens trobem ara, i transformem aquest lloc i aquest lloc ens transforma&#8230; <\/p>\n\n\n\n<p><em>Instal\u00b7laci\u00f3 (sorra, 30 m3; agaves, ailants, canyes, cactus, tradesc\u00e0ncies i carpobrotus; llum de cultiu t\u00e8cnic). Jard\u00ed de plantes al\u00b7l\u00f2ctones inscrites en el Cat\u00e1logo Espa\u00f1ol de Especies Ex\u00f3ticas Invasoras, un informe ministerial que estableix el marc legal per al control i l\u2019erradicaci\u00f3 de diferents esp\u00e8cies de flora i fauna. Segons aquest cat\u00e0leg, aquestes esp\u00e8cies foranes amenacen la biologia nacional pel seu \u00abcomportament invasor\u00bb o pel \u00abrisc de contaminaci\u00f3 gen\u00e8tica\u00bb. Aquest informe pressuposa en primer lloc que hi ha una naturalesa est\u00e0tica aliena a all\u00f2 hum\u00e0. En segon lloc, que \u00e9s nativa. I, finalment, que viu sota l\u2019amena\u00e7a de les esp\u00e8cies invasores.<\/em> [del full de sala disponible <a href=\"https:\/\/vickybenitezblanco.com\/jardi-dexotiques-i-invasores\/\" target=\"_blank\" rel=\"noreferrer noopener\">aqu\u00ed<\/a>]<\/p>\n\n\n\n<p><\/p>\n\n\n\n<p><\/p>\n\n\n\n<figure class=\"wp-block-image size-large is-resized\"><img loading=\"lazy\" decoding=\"async\" src=\"https:\/\/www.mariusdomingo.com\/altacapa\/img_blog\/IMG_4663-700x881.jpg\" alt=\"\" class=\"wp-image-18072\" width=\"215\" height=\"271\" srcset=\"https:\/\/www.mariusdomingo.com\/altacapa\/img_blog\/IMG_4663-700x881.jpg 700w, https:\/\/www.mariusdomingo.com\/altacapa\/img_blog\/IMG_4663-238x300.jpg 238w, https:\/\/www.mariusdomingo.com\/altacapa\/img_blog\/IMG_4663-768x966.jpg 768w, https:\/\/www.mariusdomingo.com\/altacapa\/img_blog\/IMG_4663-800x1007.jpg 800w, https:\/\/www.mariusdomingo.com\/altacapa\/img_blog\/IMG_4663.jpg 1197w\" sizes=\"(max-width: 215px) 100vw, 215px\" \/><\/figure>\n","protected":false},"excerpt":{"rendered":"<p>Potser per qu\u00e8 fa unes setmanes vaig llegir amb certa devoci\u00f3 Elogio de las vagabundas (Gustavo Gili, 2022) de Gilles Cl\u00e9ment, m&#8217;ha resultat molt pertinent \u00abImaginaris multisp\u00e8cies # Terres de Lleida\u00bb que a cura de Christian Alonso, podem veure a La Panera de Lleida fins el 28 de maig de 2023. Potser tots som esp\u00e8cies&#8230;<\/p>\n","protected":false},"author":3,"featured_media":18071,"comment_status":"open","ping_status":"open","sticky":false,"template":"","format":"standard","meta":{"footnotes":""},"categories":[37,19],"tags":[],"_links":{"self":[{"href":"https:\/\/www.mariusdomingo.com\/altacapa\/index.php?rest_route=\/wp\/v2\/posts\/18070"}],"collection":[{"href":"https:\/\/www.mariusdomingo.com\/altacapa\/index.php?rest_route=\/wp\/v2\/posts"}],"about":[{"href":"https:\/\/www.mariusdomingo.com\/altacapa\/index.php?rest_route=\/wp\/v2\/types\/post"}],"author":[{"embeddable":true,"href":"https:\/\/www.mariusdomingo.com\/altacapa\/index.php?rest_route=\/wp\/v2\/users\/3"}],"replies":[{"embeddable":true,"href":"https:\/\/www.mariusdomingo.com\/altacapa\/index.php?rest_route=%2Fwp%2Fv2%2Fcomments&post=18070"}],"version-history":[{"count":2,"href":"https:\/\/www.mariusdomingo.com\/altacapa\/index.php?rest_route=\/wp\/v2\/posts\/18070\/revisions"}],"predecessor-version":[{"id":18075,"href":"https:\/\/www.mariusdomingo.com\/altacapa\/index.php?rest_route=\/wp\/v2\/posts\/18070\/revisions\/18075"}],"wp:featuredmedia":[{"embeddable":true,"href":"https:\/\/www.mariusdomingo.com\/altacapa\/index.php?rest_route=\/wp\/v2\/media\/18071"}],"wp:attachment":[{"href":"https:\/\/www.mariusdomingo.com\/altacapa\/index.php?rest_route=%2Fwp%2Fv2%2Fmedia&parent=18070"}],"wp:term":[{"taxonomy":"category","embeddable":true,"href":"https:\/\/www.mariusdomingo.com\/altacapa\/index.php?rest_route=%2Fwp%2Fv2%2Fcategories&post=18070"},{"taxonomy":"post_tag","embeddable":true,"href":"https:\/\/www.mariusdomingo.com\/altacapa\/index.php?rest_route=%2Fwp%2Fv2%2Ftags&post=18070"}],"curies":[{"name":"wp","href":"https:\/\/api.w.org\/{rel}","templated":true}]}}