{"id":18077,"date":"2023-04-15T22:18:38","date_gmt":"2023-04-15T21:18:38","guid":{"rendered":"https:\/\/www.mariusdomingo.com\/altacapa\/?p=18077"},"modified":"2023-04-15T22:18:39","modified_gmt":"2023-04-15T21:18:39","slug":"corpus-delicti-4-la-revolucio-imminent","status":"publish","type":"post","link":"https:\/\/www.mariusdomingo.com\/altacapa\/?p=18077","title":{"rendered":"Corpus Delicti 4 | &#8220;La revoluci\u00f3 imminent&#8221;"},"content":{"rendered":"\n<p>Ja tenim l&#8217;esperat darrer n\u00famero de <em>Corpus Delicti<\/em>, que publica La Grey. Amb textos de Joan Pascual Mallada, Lechedevirgen Trimegisto (amb un text fins ara in\u00e8dit en el nostre pa\u00eds), Marcel Pey, Quim Martorell Porcar i Daniel Gasol, i les imatges de part dels artistes que han exposat a la galeria en els darrers 10 anys. Gran iniciativa, quan les coses dif\u00edcils \u00e9s fan possibles.<\/p>\n\n\n\n<figure class=\"wp-block-image size-full is-resized\"><img loading=\"lazy\" decoding=\"async\" src=\"https:\/\/www.mariusdomingo.com\/altacapa\/img_blog\/IMG_6041.jpg\" alt=\"\" class=\"wp-image-18079\" width=\"568\" height=\"426\" srcset=\"https:\/\/www.mariusdomingo.com\/altacapa\/img_blog\/IMG_6041.jpg 640w, https:\/\/www.mariusdomingo.com\/altacapa\/img_blog\/IMG_6041-300x225.jpg 300w, https:\/\/www.mariusdomingo.com\/altacapa\/img_blog\/IMG_6041-80x60.jpg 80w\" sizes=\"(max-width: 568px) 100vw, 568px\" \/><\/figure>\n\n\n\n<figure class=\"wp-block-image size-full is-resized\"><img loading=\"lazy\" decoding=\"async\" src=\"https:\/\/www.mariusdomingo.com\/altacapa\/img_blog\/IMG_6034-rotated.jpg\" alt=\"\" class=\"wp-image-18080\" width=\"317\" height=\"423\" srcset=\"https:\/\/www.mariusdomingo.com\/altacapa\/img_blog\/IMG_6034-rotated.jpg 480w, https:\/\/www.mariusdomingo.com\/altacapa\/img_blog\/IMG_6034-225x300.jpg 225w\" sizes=\"(max-width: 317px) 100vw, 317px\" \/><\/figure>\n\n\n\n<p>La revista es pot entendre tamb\u00e9 com a cat\u00e0leg de l&#8217;exposici\u00f3 que es pot veure a la mateixa Grey (fins el 12 de maig de 2023) amb peces de Anal\u00eda Beltran i Jan\u00e9s, \u00c0ngel Pomerol, Anna Comellas, Antonio Luque, Benxam\u00edn \u00c1lvarez, Carmen Peralta, Crist\u00f2fol Pons, D\u00eddac Francisco, Diego Moreno, Dolors Molas, Eduardo Alonso, Eugeni Fabregat, Francesc Roig, H\u00e9ctor Canonge, Isabel Le\u00f3n, Joan Canals, Jordina Ros, Juan Carlos Lozano, Juli\u00e1n Bar\u00f3n, L\u00eddia Porcar, Manuel Morales, Marcel Pey, Mat\u00edas Krahl, Michael Kirkegaard, Nathalie Rey, N\u00faria F. Estopa, N\u00faria Rion, Onofre Bachiller, Oriol Mi\u00f1arro, Patricio Salinas, Pere Estadella, Ro Caminal, Roger Grasas, Thomas Keis, Tom\u00e1s Pariente, Xesco Merc\u00e9 i Ivana Pinna. <\/p>\n\n\n\n<p>Imprescindible!<\/p>\n\n\n\n<figure class=\"wp-block-image size-full\"><img loading=\"lazy\" decoding=\"async\" width=\"628\" height=\"640\" src=\"https:\/\/www.mariusdomingo.com\/altacapa\/img_blog\/IMG_6009.jpg\" alt=\"\" class=\"wp-image-18082\" srcset=\"https:\/\/www.mariusdomingo.com\/altacapa\/img_blog\/IMG_6009.jpg 628w, https:\/\/www.mariusdomingo.com\/altacapa\/img_blog\/IMG_6009-294x300.jpg 294w\" sizes=\"(max-width: 628px) 100vw, 628px\" \/><\/figure>\n\n\n\n<figure class=\"wp-block-image size-full is-resized\"><img loading=\"lazy\" decoding=\"async\" src=\"https:\/\/www.mariusdomingo.com\/altacapa\/img_blog\/IMG_6007.jpg\" alt=\"\" class=\"wp-image-18083\" width=\"533\" height=\"400\" srcset=\"https:\/\/www.mariusdomingo.com\/altacapa\/img_blog\/IMG_6007.jpg 640w, https:\/\/www.mariusdomingo.com\/altacapa\/img_blog\/IMG_6007-300x225.jpg 300w, https:\/\/www.mariusdomingo.com\/altacapa\/img_blog\/IMG_6007-80x60.jpg 80w\" sizes=\"(max-width: 533px) 100vw, 533px\" \/><\/figure>\n\n\n\n<p><\/p>\n","protected":false},"excerpt":{"rendered":"<p>Ja tenim l&#8217;esperat darrer n\u00famero de Corpus Delicti, que publica La Grey. Amb textos de Joan Pascual Mallada, Lechedevirgen Trimegisto (amb un text fins ara in\u00e8dit en el nostre pa\u00eds), Marcel Pey, Quim Martorell Porcar i Daniel Gasol, i les imatges de part dels artistes que han exposat a la galeria en els darrers 10&#8230;<\/p>\n","protected":false},"author":3,"featured_media":18078,"comment_status":"open","ping_status":"open","sticky":false,"template":"","format":"standard","meta":{"footnotes":""},"categories":[19,12],"tags":[],"_links":{"self":[{"href":"https:\/\/www.mariusdomingo.com\/altacapa\/index.php?rest_route=\/wp\/v2\/posts\/18077"}],"collection":[{"href":"https:\/\/www.mariusdomingo.com\/altacapa\/index.php?rest_route=\/wp\/v2\/posts"}],"about":[{"href":"https:\/\/www.mariusdomingo.com\/altacapa\/index.php?rest_route=\/wp\/v2\/types\/post"}],"author":[{"embeddable":true,"href":"https:\/\/www.mariusdomingo.com\/altacapa\/index.php?rest_route=\/wp\/v2\/users\/3"}],"replies":[{"embeddable":true,"href":"https:\/\/www.mariusdomingo.com\/altacapa\/index.php?rest_route=%2Fwp%2Fv2%2Fcomments&post=18077"}],"version-history":[{"count":1,"href":"https:\/\/www.mariusdomingo.com\/altacapa\/index.php?rest_route=\/wp\/v2\/posts\/18077\/revisions"}],"predecessor-version":[{"id":18084,"href":"https:\/\/www.mariusdomingo.com\/altacapa\/index.php?rest_route=\/wp\/v2\/posts\/18077\/revisions\/18084"}],"wp:featuredmedia":[{"embeddable":true,"href":"https:\/\/www.mariusdomingo.com\/altacapa\/index.php?rest_route=\/wp\/v2\/media\/18078"}],"wp:attachment":[{"href":"https:\/\/www.mariusdomingo.com\/altacapa\/index.php?rest_route=%2Fwp%2Fv2%2Fmedia&parent=18077"}],"wp:term":[{"taxonomy":"category","embeddable":true,"href":"https:\/\/www.mariusdomingo.com\/altacapa\/index.php?rest_route=%2Fwp%2Fv2%2Fcategories&post=18077"},{"taxonomy":"post_tag","embeddable":true,"href":"https:\/\/www.mariusdomingo.com\/altacapa\/index.php?rest_route=%2Fwp%2Fv2%2Ftags&post=18077"}],"curies":[{"name":"wp","href":"https:\/\/api.w.org\/{rel}","templated":true}]}}