{"id":18106,"date":"2023-07-31T11:27:07","date_gmt":"2023-07-31T10:27:07","guid":{"rendered":"https:\/\/www.mariusdomingo.com\/altacapa\/?p=18106"},"modified":"2023-07-31T11:28:04","modified_gmt":"2023-07-31T10:28:04","slug":"artiga-40","status":"publish","type":"post","link":"https:\/\/www.mariusdomingo.com\/altacapa\/?p=18106","title":{"rendered":"Artiga 40"},"content":{"rendered":"\n<p>El n\u00famero 40 de la revista <em>ARTIGA<\/em> (Revista d&#8217;Art i Pensament Contemporani del Camp de Tarragona i les Terres de l&#8217;Ebre) ja \u00e9s al carrer. Amb una obra de Ferran Garcia Sevilla a la portada. La podeu trobar als punts habituals i al nostre web <a rel=\"noreferrer noopener\" href=\"https:\/\/www.artiga.cat\/\" target=\"_blank\">artiga.ca<\/a>t<\/p>\n\n\n\n<p><strong>Tema de debat: art i sostenibilitat<\/strong> \/ Quim Packard<\/p>\n\n\n\n<p><strong>El valor de la sal. Territori, art i processos extractius<\/strong> \/ M\u00e0rius Domingo<\/p>\n\n\n\n<p><strong>Aureli Ruiz, oli i cendra<\/strong> \/ Teresa Grandas<\/p>\n\n\n\n<p><strong>Marc Sellar\u00e8s: Mem\u00f2ria. M\u00e9s enll\u00e0 del bosc de les creus<\/strong> \/ Quim Torres<\/p>\n\n\n\n<p><strong>Una forma que cau a pes. Tapissos de Josep Royo<\/strong> \/ Andreu Dengra Carayol<\/p>\n\n\n\n<p><strong>P\u00e0gines de creaci\u00f3: Oriol enguany. Abecedari, 2019-2021<\/strong><\/p>\n\n\n\n<p><strong>Destacats<\/strong> \/ M\u00e0rius Domingo \/ Assumpta Ros\u00e9s \/ Antonio Salcedo \/ Quim Torres<\/p>\n\n\n\n<p><strong>Mirada exterior: La fira que Barcelona mai no va tenir<\/strong> \/ C\u00e8lia del Diego<\/p>\n\n\n\n<p><strong>Mirada exterior: El sentit d&#8217;observar<\/strong> \/ Claudia Segura Campins<\/p>\n\n\n\n<p><strong>Cicle d&#8217;art contemporani. Centre de Lectura de Reus<\/strong> \/ Assumpta Ros\u00e9s<\/p>\n\n\n\n<p><strong>L\u00eddia Porcar. La mort que es queda<\/strong> \/ Esther Canals Pi\u00f1ol<\/p>\n\n\n\n<p><strong>Museu de la vida rural. Dones rurals<\/strong> \/ Iria Rdon<\/p>\n\n\n\n<p><strong>Premis Artiga<\/strong><\/p>\n\n\n\n<p><strong>Iniciativa: Anquin&#8217;s, una galeria amb hist\u00f2ria, celebra els seus 50 anys<\/strong> \/ Antonio Salcedo<\/p>\n\n\n\n<p><\/p>\n\n\n\n<p><\/p>\n\n\n\n<p><\/p>\n","protected":false},"excerpt":{"rendered":"<p>El n\u00famero 40 de la revista ARTIGA (Revista d&#8217;Art i Pensament Contemporani del Camp de Tarragona i les Terres de l&#8217;Ebre) ja \u00e9s al carrer. Amb una obra de Ferran Garcia Sevilla a la portada. La podeu trobar als punts habituals i al nostre web artiga.cat Tema de debat: art i sostenibilitat \/ Quim Packard&#8230;<\/p>\n","protected":false},"author":3,"featured_media":18107,"comment_status":"open","ping_status":"open","sticky":false,"template":"","format":"standard","meta":{"footnotes":""},"categories":[12],"tags":[],"_links":{"self":[{"href":"https:\/\/www.mariusdomingo.com\/altacapa\/index.php?rest_route=\/wp\/v2\/posts\/18106"}],"collection":[{"href":"https:\/\/www.mariusdomingo.com\/altacapa\/index.php?rest_route=\/wp\/v2\/posts"}],"about":[{"href":"https:\/\/www.mariusdomingo.com\/altacapa\/index.php?rest_route=\/wp\/v2\/types\/post"}],"author":[{"embeddable":true,"href":"https:\/\/www.mariusdomingo.com\/altacapa\/index.php?rest_route=\/wp\/v2\/users\/3"}],"replies":[{"embeddable":true,"href":"https:\/\/www.mariusdomingo.com\/altacapa\/index.php?rest_route=%2Fwp%2Fv2%2Fcomments&post=18106"}],"version-history":[{"count":2,"href":"https:\/\/www.mariusdomingo.com\/altacapa\/index.php?rest_route=\/wp\/v2\/posts\/18106\/revisions"}],"predecessor-version":[{"id":18110,"href":"https:\/\/www.mariusdomingo.com\/altacapa\/index.php?rest_route=\/wp\/v2\/posts\/18106\/revisions\/18110"}],"wp:featuredmedia":[{"embeddable":true,"href":"https:\/\/www.mariusdomingo.com\/altacapa\/index.php?rest_route=\/wp\/v2\/media\/18107"}],"wp:attachment":[{"href":"https:\/\/www.mariusdomingo.com\/altacapa\/index.php?rest_route=%2Fwp%2Fv2%2Fmedia&parent=18106"}],"wp:term":[{"taxonomy":"category","embeddable":true,"href":"https:\/\/www.mariusdomingo.com\/altacapa\/index.php?rest_route=%2Fwp%2Fv2%2Fcategories&post=18106"},{"taxonomy":"post_tag","embeddable":true,"href":"https:\/\/www.mariusdomingo.com\/altacapa\/index.php?rest_route=%2Fwp%2Fv2%2Ftags&post=18106"}],"curies":[{"name":"wp","href":"https:\/\/api.w.org\/{rel}","templated":true}]}}