{"id":18139,"date":"2023-10-30T15:35:41","date_gmt":"2023-10-30T14:35:41","guid":{"rendered":"https:\/\/www.mariusdomingo.com\/altacapa\/?p=18139"},"modified":"2023-10-30T15:35:43","modified_gmt":"2023-10-30T14:35:43","slug":"miquel-falgas-loop-el-dia-de-la-marmota","status":"publish","type":"post","link":"https:\/\/www.mariusdomingo.com\/altacapa\/?p=18139","title":{"rendered":"Miquel Falg\u00e0s | Loop, el dia de la marmota"},"content":{"rendered":"\n<p><\/p>\n\n\n\n<p>Molt abans de la irrupci\u00f3 dels&nbsp; ordenadors port\u00e0tils, de les tauletes t\u00e0ctils o dels <em>smartphones<\/em>, la cultura occidental ja li havia donat a l\u2019\u00f2rgan de la vista el predomini sobre la resta de sentits. Des dels anys seixanta del segle passat, molts artistes han exercit una cr\u00edtica radical sobre aquest domini de la visi\u00f3 ocular, interpel\u00b7lant als museus i als col\u00b7leccionistes al q\u00fcestionar els objectes art\u00edstic i la tradici\u00f3 que els sustentava.<\/p>\n\n\n\n<p>Les pr\u00e0ctiques art\u00edstiques contempor\u00e0nies no s\u2019entenen sense la vinculaci\u00f3 a un context concret, que engloba l\u2019obra d\u2019art, l\u2019artista o creador i el p\u00fablic receptor o destinatari. Miquel Falg\u00e0s ens proposa contextualitzar les seves peces des de la mirada del propi espectador que actua com agent mobilitzador, submergint-lo en un espai immaterial que nom\u00e9s amb la seva intervenci\u00f3 es completa. Es desplega un univers on\u00edric, colorista, animat, que ens interpel\u00b7la sobre all\u00f2 que veiem, la seva exist\u00e8ncia \u2014on est\u00e0 l\u2019obra d\u2019art?\u2014 i que immediatament ens fa pensar en la vinculaci\u00f3 a les tecnologies que ens permeten l\u2019acc\u00e9s a l\u2019obra d\u2019art.<\/p>\n\n\n\n<p>Despr\u00e9s del primer \u00abOHHH !\u00bb que inevitablement sorgeix quan la m\u00e0gia de la realitat augmentada emergeix davant nostre i entrem en la \u00abzona interm\u00e8dia d\u2019un espai fictici i continu que uneix el m\u00f3n real i el m\u00f3n virtual\u00bb (segons la definici\u00f3 que proposaven Paul Milgram i Fumio Kishino ja fa trenta anys), passada esta primera impressi\u00f3, comprovem com la porta que hem obert ens mostra un m\u00f3n enigm\u00e0tic. Un lloc on la repetici\u00f3 constant, el loop incansable, hipn\u00f2tic, que no dep\u00e8n de nosaltres, que suposem interminable, ens recorda a S\u00edsif obligat a emp\u00e8nyer una pedra enorme pendent amunt per un vessant costerut, per\u00f2 abans d&#8217;arribar al cim de la muntanya la pedra sempre rodava cap avall. Sempre ens empeny, com en un llarg i interminable mal son.<\/p>\n\n\n\n<p><strong>M\u00e0rius Domingo, comissari del cicle<\/strong><\/p>\n\n\n\n<p>[\u00abGEOMETRIA VARIABLE\u00bb &nbsp;Cicle d\u2019exposicions al C\u00edrcol de Reus 2023][4 de 4][<em>Loop. El dia de la marmota<\/em>&nbsp;| Miquel Falg\u00e0s][El C\u00edrcol | Reus][Pla\u00e7a Prim, 4][del 27 d&#8217;octubre al 15 de desembre de 2023]<\/p>\n","protected":false},"excerpt":{"rendered":"<p>Molt abans de la irrupci\u00f3 dels&nbsp; ordenadors port\u00e0tils, de les tauletes t\u00e0ctils o dels smartphones, la cultura occidental ja li havia donat a l\u2019\u00f2rgan de la vista el predomini sobre la resta de sentits. Des dels anys seixanta del segle passat, molts artistes han exercit una cr\u00edtica radical sobre aquest domini de la visi\u00f3 ocular,&#8230;<\/p>\n","protected":false},"author":3,"featured_media":18140,"comment_status":"open","ping_status":"open","sticky":false,"template":"","format":"standard","meta":{"footnotes":""},"categories":[48,19],"tags":[],"_links":{"self":[{"href":"https:\/\/www.mariusdomingo.com\/altacapa\/index.php?rest_route=\/wp\/v2\/posts\/18139"}],"collection":[{"href":"https:\/\/www.mariusdomingo.com\/altacapa\/index.php?rest_route=\/wp\/v2\/posts"}],"about":[{"href":"https:\/\/www.mariusdomingo.com\/altacapa\/index.php?rest_route=\/wp\/v2\/types\/post"}],"author":[{"embeddable":true,"href":"https:\/\/www.mariusdomingo.com\/altacapa\/index.php?rest_route=\/wp\/v2\/users\/3"}],"replies":[{"embeddable":true,"href":"https:\/\/www.mariusdomingo.com\/altacapa\/index.php?rest_route=%2Fwp%2Fv2%2Fcomments&post=18139"}],"version-history":[{"count":1,"href":"https:\/\/www.mariusdomingo.com\/altacapa\/index.php?rest_route=\/wp\/v2\/posts\/18139\/revisions"}],"predecessor-version":[{"id":18141,"href":"https:\/\/www.mariusdomingo.com\/altacapa\/index.php?rest_route=\/wp\/v2\/posts\/18139\/revisions\/18141"}],"wp:featuredmedia":[{"embeddable":true,"href":"https:\/\/www.mariusdomingo.com\/altacapa\/index.php?rest_route=\/wp\/v2\/media\/18140"}],"wp:attachment":[{"href":"https:\/\/www.mariusdomingo.com\/altacapa\/index.php?rest_route=%2Fwp%2Fv2%2Fmedia&parent=18139"}],"wp:term":[{"taxonomy":"category","embeddable":true,"href":"https:\/\/www.mariusdomingo.com\/altacapa\/index.php?rest_route=%2Fwp%2Fv2%2Fcategories&post=18139"},{"taxonomy":"post_tag","embeddable":true,"href":"https:\/\/www.mariusdomingo.com\/altacapa\/index.php?rest_route=%2Fwp%2Fv2%2Ftags&post=18139"}],"curies":[{"name":"wp","href":"https:\/\/api.w.org\/{rel}","templated":true}]}}