{"id":18196,"date":"2024-01-19T19:00:00","date_gmt":"2024-01-19T18:00:00","guid":{"rendered":"https:\/\/www.mariusdomingo.com\/altacapa\/?p=18196"},"modified":"2024-01-17T17:24:34","modified_gmt":"2024-01-17T16:24:34","slug":"jorge-conde-sarcophagus","status":"publish","type":"post","link":"https:\/\/www.mariusdomingo.com\/altacapa\/?p=18196","title":{"rendered":"Jorge Conde | Sarcophagus"},"content":{"rendered":"\n<p>Com afirma Isabel Cadenas (<em>Po\u00e9tica de la aus\u00e8ncia<\/em>, C\u00e1tedra, 2019), vivim temps nost\u00e0lgics, les c\u00e0meres dels tel\u00e8fons m\u00f2bils tenen filtres per fer que les imatges semblin antigues i els caps de setmana legions de nost\u00e0lgics recorren els mercats d\u2019antiguitats buscant fotografies, mobles, llums de peu&#8230; Cadenas investiga aquest \u00abboom de la mem\u00f2ria\u00bb a partir de formulacions subversives de la cultura visual contempor\u00e0nia, proposant una mirada diferent sobre els fets del passat en considerar que \u00abmirar d\u2019una altra manera exigeix eines diferents\u00bb.<\/p>\n\n\n\n<p>Jorge Conde a <em>Sarcophagus<\/em> \u2014i en bona part de la seva producci\u00f3 art\u00edstica dels darrers deu anys\u2014 defuig la inevitable mirada <em>vintage<\/em> apel\u00b7lant a la mem\u00f2ria personal i familiar, alhora que estableix un pont amb el moment actual. Per fer-ho elabora un discurs en el qual s\u2019interrelacionen m\u00faltiples visions al voltant de la central nuclear de Vandell\u00f2s, constru\u00efda a finals dels anys seixanta per l&#8217;empresa Hispano-Francesa d&#8217;Energia Nuclear, Hifrensa, i que degut a un incendi a la zona de turbines, va deixar de funcionar l\u2019any 1989. La central es va comen\u00e7ar a desmantellar el 1990. Els dos edificis m\u00e9s importants d\u2019una central nuclear s\u00f3n l\u2019edifici de contenci\u00f3, on tenen lloc les reaccions nuclears, i la torre de refrigeraci\u00f3. L\u2019aturada definitiva d\u2019una central nuclear implica \u00abneutralitzar\u00bb l\u2019edifici de contenci\u00f3 \u2014normalment no nom\u00e9s es tanca sin\u00f3 que s\u2019hi construeix un nou edifici, habitualment de formig\u00f3, que rep el nom de sarc\u00f2fag\u2014 i destruir la torre de refrigeraci\u00f3. Un proc\u00e9s llarg i cost\u00f3s, que dura d\u00e8cades. Conde proposa un canvi de mirada en el proc\u00e9s habitual d\u2019investigaci\u00f3 sobre la mem\u00f2ria i el paisatge, sense acostar-se a l\u2019habitual topologia que uneix l\u2019imaginari, l\u2019arxiu i el registre objectual, en una cinta de M\u00f6bius sense principi ni fi.<\/p>\n\n\n\n<figure class=\"wp-block-image size-large is-resized\"><img loading=\"lazy\" decoding=\"async\" src=\"https:\/\/www.mariusdomingo.com\/altacapa\/img_blog\/IMG_6885-700x933.jpg\" alt=\"\" class=\"wp-image-18198\" width=\"380\" height=\"506\" srcset=\"https:\/\/www.mariusdomingo.com\/altacapa\/img_blog\/IMG_6885-700x933.jpg 700w, https:\/\/www.mariusdomingo.com\/altacapa\/img_blog\/IMG_6885-225x300.jpg 225w, https:\/\/www.mariusdomingo.com\/altacapa\/img_blog\/IMG_6885-768x1024.jpg 768w, https:\/\/www.mariusdomingo.com\/altacapa\/img_blog\/IMG_6885-1152x1536.jpg 1152w, https:\/\/www.mariusdomingo.com\/altacapa\/img_blog\/IMG_6885-800x1066.jpg 800w, https:\/\/www.mariusdomingo.com\/altacapa\/img_blog\/IMG_6885.jpg 1420w\" sizes=\"(max-width: 380px) 100vw, 380px\" \/><\/figure>\n\n\n\n<p>A <em>Sarcophagus<\/em> conflueixen l\u2019espai que hi havia abans de la construcci\u00f3 de la central nuclear, el proc\u00e9s de construcci\u00f3, all\u00f2 que s\u2019amaga dins de l\u2019edifici de contenci\u00f3 i que es protegeix amb el fara\u00f2nic sarc\u00f2fag quan es decideix tancar la central, i el que queda de tot plegat, establint relacions amb altres processos de tancament de centrals nuclears (Fukushima o Txern\u00f2bil) i sobrevolant aquest desplegament visual amb una idea que emergeix amb for\u00e7a: qui observa i registra tot aquest proc\u00e9s tamb\u00e9 viu un desmantellament personal, un canvi en la mirada, en la percepci\u00f3 del paisatge.<\/p>\n\n\n\n<p>A mesura que passa el temps i els objectes o els dispositius ens resulten m\u00e9s familiars, una capa d\u2019invisibilitat hi cau a sobre fins al punt d\u2019adquirir una qualitat dif\u00edcil de desxifrar. Apareixen, llavors, reductes d\u2019intimitat arrecerats de les mirades dels altres, llocs sense la vigil\u00e0ncia de la societat, mons fora del m\u00f3n. Aquesta idea exposada per l\u2019arquitecta Mar\u00eda Teresa Mu\u00f1oz a <em>Escritos sobre la invisibilidad. Arquitectura y ocultaci\u00f3n<\/em> (Abada Editors, 2018) segueix la tesi que presentava Tzvetan Todorov l\u2019any 1970 (<em>Teor\u00eda de la literatura de los formalistas rusos<\/em>, Siglo XXI editores). Indicava que l\u2019automatisme perceptiu ens impedeix veure i sentir els objectes; en aquest punt interv\u00e9 el paper renovador de l\u2019art: \u00abcal deformar-los [els objectes] per tal que la nostra mirada s\u2019hi aturi\u00bb. Jorge Conde defuig aquest automatisme i \u00abdesmantella\u00bb la seva mirada pr\u00e8via; habita durant 8 hores un espai renaturalitzat al voltant de la central de Vandell\u00f2s i elabora microrelats, a la manera de Robert Walser: registrant el proc\u00e9s i expandint de forma rizom\u00e0tica realitat i ficci\u00f3. Fa una esp\u00e8cie d\u2019a\u00efllament m\u00edstic que ens fa pensar en Mark Fisher quan afirmava que trobem l\u2019aspecte esgarrif\u00f3s amb m\u00e9s facilitat en paisatges parcialment desprove\u00efts del que \u00e9s hum\u00e0 (<em>Lo raro y lo espeluznante<\/em>, Alpha Decay, 2018). I, com sempre, tot all\u00f2 que queda ocult, amagat, ens atrau i ens repel\u00b7leix, a la vegada.<\/p>\n\n\n\n<p>A pocs quil\u00f2metres de la central nuclear de Vandell\u00f2s es va construir un poblat per als treballadors de la central que va ser planejat l\u2019any 1969 per l\u2019arquitecte racionalista Antoni Bonet Castellana, amb qui va col\u00b7laborar el pare de Jorge Conde. El complex disposava d\u2019una agrupaci\u00f3 d\u2019habitatges (amb tipologies diferents per a enginyers, p\u00e8rits, obrers i treballadors solters) i diversos equipaments com ara l\u2019escola, el camp d\u2019esports, places p\u00fabliques i vials interconnectats. L\u2019escola, que s\u2019anomenava Escola \u00c0ster, va prestar servei fins a finals dels anys 80. A comen\u00e7ament dels anys noranta les instal\u00b7lacions van ser utilitzades temporalment per l\u2019institut d\u2019educaci\u00f3 secund\u00e0ria del municipi. Utilitzar, reutilitzar, modificar usos, amb un salt temporal, mirar cap al passat entre la boira.<\/p>\n\n\n\n<figure class=\"wp-block-image size-large is-resized\"><img loading=\"lazy\" decoding=\"async\" src=\"https:\/\/www.mariusdomingo.com\/altacapa\/img_blog\/IMG_6881-700x801.jpg\" alt=\"\" class=\"wp-image-18199\" width=\"494\" height=\"565\" srcset=\"https:\/\/www.mariusdomingo.com\/altacapa\/img_blog\/IMG_6881-700x801.jpg 700w, https:\/\/www.mariusdomingo.com\/altacapa\/img_blog\/IMG_6881-262x300.jpg 262w, https:\/\/www.mariusdomingo.com\/altacapa\/img_blog\/IMG_6881-768x879.jpg 768w, https:\/\/www.mariusdomingo.com\/altacapa\/img_blog\/IMG_6881-800x916.jpg 800w, https:\/\/www.mariusdomingo.com\/altacapa\/img_blog\/IMG_6881.jpg 1307w\" sizes=\"(max-width: 494px) 100vw, 494px\" \/><\/figure>\n\n\n\n<p>Jorge Conde aprofundeix en la mateixa l\u00ednia de treball exposada al MAMT amb el projecte <em>Estas ruinas que (no) ves son una promesa<\/em>, que hem pogut veure a l\u2019IAACC Pablo Serrano de Saragossa (del 5 de setembre al 3 de desembre de 2023), sobre la mem\u00f2ria industrial de 130 institucions culturals de 17 pa\u00efsos europeus, entre les quals hi ha el mateix IAACC Pablo Serrano. La regeneraci\u00f3 d\u2019espais industrials gr\u00e0cies als nous usos culturals que s\u2019hi ubiquen, els fa adquirir una imatge nova, una mena de redempci\u00f3 urban\u00edstica que fa modificar la nostra mirada i el que estava oblidat retorna, per\u00f2 nom\u00e9s de manera parcial, i origina una zona de fricci\u00f3 que Jorge Conde explora resignificant el present.<\/p>\n\n\n\n<p>[Jorge Conde][<em>Sarcophagus<\/em>][Museu d\u2019art Modern de Tarragona][Del 15 de juny al 3 de novembre de 2023]<\/p>\n","protected":false},"excerpt":{"rendered":"<p>Com afirma Isabel Cadenas (Po\u00e9tica de la aus\u00e8ncia, C\u00e1tedra, 2019), vivim temps nost\u00e0lgics, les c\u00e0meres dels tel\u00e8fons m\u00f2bils tenen filtres per fer que les imatges semblin antigues i els caps de setmana legions de nost\u00e0lgics recorren els mercats d\u2019antiguitats buscant fotografies, mobles, llums de peu&#8230; Cadenas investiga aquest \u00abboom de la mem\u00f2ria\u00bb a partir de&#8230;<\/p>\n","protected":false},"author":3,"featured_media":18197,"comment_status":"open","ping_status":"open","sticky":false,"template":"","format":"standard","meta":{"footnotes":""},"categories":[19,119],"tags":[],"_links":{"self":[{"href":"https:\/\/www.mariusdomingo.com\/altacapa\/index.php?rest_route=\/wp\/v2\/posts\/18196"}],"collection":[{"href":"https:\/\/www.mariusdomingo.com\/altacapa\/index.php?rest_route=\/wp\/v2\/posts"}],"about":[{"href":"https:\/\/www.mariusdomingo.com\/altacapa\/index.php?rest_route=\/wp\/v2\/types\/post"}],"author":[{"embeddable":true,"href":"https:\/\/www.mariusdomingo.com\/altacapa\/index.php?rest_route=\/wp\/v2\/users\/3"}],"replies":[{"embeddable":true,"href":"https:\/\/www.mariusdomingo.com\/altacapa\/index.php?rest_route=%2Fwp%2Fv2%2Fcomments&post=18196"}],"version-history":[{"count":1,"href":"https:\/\/www.mariusdomingo.com\/altacapa\/index.php?rest_route=\/wp\/v2\/posts\/18196\/revisions"}],"predecessor-version":[{"id":18200,"href":"https:\/\/www.mariusdomingo.com\/altacapa\/index.php?rest_route=\/wp\/v2\/posts\/18196\/revisions\/18200"}],"wp:featuredmedia":[{"embeddable":true,"href":"https:\/\/www.mariusdomingo.com\/altacapa\/index.php?rest_route=\/wp\/v2\/media\/18197"}],"wp:attachment":[{"href":"https:\/\/www.mariusdomingo.com\/altacapa\/index.php?rest_route=%2Fwp%2Fv2%2Fmedia&parent=18196"}],"wp:term":[{"taxonomy":"category","embeddable":true,"href":"https:\/\/www.mariusdomingo.com\/altacapa\/index.php?rest_route=%2Fwp%2Fv2%2Fcategories&post=18196"},{"taxonomy":"post_tag","embeddable":true,"href":"https:\/\/www.mariusdomingo.com\/altacapa\/index.php?rest_route=%2Fwp%2Fv2%2Ftags&post=18196"}],"curies":[{"name":"wp","href":"https:\/\/api.w.org\/{rel}","templated":true}]}}