{"id":18240,"date":"2024-02-13T23:03:24","date_gmt":"2024-02-13T22:03:24","guid":{"rendered":"https:\/\/www.mariusdomingo.com\/altacapa\/?p=18240"},"modified":"2024-02-13T23:03:25","modified_gmt":"2024-02-13T22:03:25","slug":"alvar-calvet-terra-presa","status":"publish","type":"post","link":"https:\/\/www.mariusdomingo.com\/altacapa\/?p=18240","title":{"rendered":"\u00c0lvar Calvet | Terra presa"},"content":{"rendered":"\n<p>Amb textos de Ferm\u00edn D\u00edez de Ulzurrum i Pilar Parcerisas, <em>Terra presa<\/em> \u2014cat\u00e0leg de l&#8217;exposici\u00f3 que va tenir lloc a Pamplona a finals de l&#8217;any 2023\u2014 recorre el treball d&#8217;\u00c0lvar Calvet dels darrers anys. L&#8217;aigua com a centre d&#8217;inter\u00e8s i eix que lliga subtilment les diferents peces, com si fos l\u2019\u00e0nima que emergeix i cohesiona. Un cam\u00ed que comen\u00e7a al Pirineu, i ens porta fins el mar, arrossegant sediments i acumulant sentiments, natura, objectes, i sempre gent. Persones que de forma activa participen i es fan visibles, compatint una forma de vida que no es pot entendre sense l\u2019aigua.<\/p>\n\n\n\n<figure class=\"wp-block-image size-large is-resized\"><img loading=\"lazy\" decoding=\"async\" width=\"700\" height=\"481\" src=\"https:\/\/www.mariusdomingo.com\/altacapa\/img_blog\/IMG_4250-700x481.jpeg\" alt=\"\" class=\"wp-image-18243\" style=\"width:566px;height:auto\" srcset=\"https:\/\/www.mariusdomingo.com\/altacapa\/img_blog\/IMG_4250-700x481.jpeg 700w, https:\/\/www.mariusdomingo.com\/altacapa\/img_blog\/IMG_4250-300x206.jpeg 300w, https:\/\/www.mariusdomingo.com\/altacapa\/img_blog\/IMG_4250-768x527.jpeg 768w, https:\/\/www.mariusdomingo.com\/altacapa\/img_blog\/IMG_4250-1536x1054.jpeg 1536w, https:\/\/www.mariusdomingo.com\/altacapa\/img_blog\/IMG_4250-2048x1406.jpeg 2048w, https:\/\/www.mariusdomingo.com\/altacapa\/img_blog\/IMG_4250-800x549.jpeg 800w\" sizes=\"(max-width: 700px) 100vw, 700px\" \/><\/figure>\n","protected":false},"excerpt":{"rendered":"<p>Amb textos de Ferm\u00edn D\u00edez de Ulzurrum i Pilar Parcerisas, Terra presa \u2014cat\u00e0leg de l&#8217;exposici\u00f3 que va tenir lloc a Pamplona a finals de l&#8217;any 2023\u2014 recorre el treball d&#8217;\u00c0lvar Calvet dels darrers anys. L&#8217;aigua com a centre d&#8217;inter\u00e8s i eix que lliga subtilment les diferents peces, com si fos l\u2019\u00e0nima que emergeix i cohesiona&#8230;.<\/p>\n","protected":false},"author":3,"featured_media":18242,"comment_status":"closed","ping_status":"closed","sticky":false,"template":"","format":"standard","meta":{"footnotes":""},"categories":[29,3],"tags":[],"_links":{"self":[{"href":"https:\/\/www.mariusdomingo.com\/altacapa\/index.php?rest_route=\/wp\/v2\/posts\/18240"}],"collection":[{"href":"https:\/\/www.mariusdomingo.com\/altacapa\/index.php?rest_route=\/wp\/v2\/posts"}],"about":[{"href":"https:\/\/www.mariusdomingo.com\/altacapa\/index.php?rest_route=\/wp\/v2\/types\/post"}],"author":[{"embeddable":true,"href":"https:\/\/www.mariusdomingo.com\/altacapa\/index.php?rest_route=\/wp\/v2\/users\/3"}],"replies":[{"embeddable":true,"href":"https:\/\/www.mariusdomingo.com\/altacapa\/index.php?rest_route=%2Fwp%2Fv2%2Fcomments&post=18240"}],"version-history":[{"count":2,"href":"https:\/\/www.mariusdomingo.com\/altacapa\/index.php?rest_route=\/wp\/v2\/posts\/18240\/revisions"}],"predecessor-version":[{"id":18244,"href":"https:\/\/www.mariusdomingo.com\/altacapa\/index.php?rest_route=\/wp\/v2\/posts\/18240\/revisions\/18244"}],"wp:featuredmedia":[{"embeddable":true,"href":"https:\/\/www.mariusdomingo.com\/altacapa\/index.php?rest_route=\/wp\/v2\/media\/18242"}],"wp:attachment":[{"href":"https:\/\/www.mariusdomingo.com\/altacapa\/index.php?rest_route=%2Fwp%2Fv2%2Fmedia&parent=18240"}],"wp:term":[{"taxonomy":"category","embeddable":true,"href":"https:\/\/www.mariusdomingo.com\/altacapa\/index.php?rest_route=%2Fwp%2Fv2%2Fcategories&post=18240"},{"taxonomy":"post_tag","embeddable":true,"href":"https:\/\/www.mariusdomingo.com\/altacapa\/index.php?rest_route=%2Fwp%2Fv2%2Ftags&post=18240"}],"curies":[{"name":"wp","href":"https:\/\/api.w.org\/{rel}","templated":true}]}}