{"id":18313,"date":"2024-04-26T09:44:03","date_gmt":"2024-04-26T08:44:03","guid":{"rendered":"https:\/\/www.mariusdomingo.com\/altacapa\/?p=18313"},"modified":"2024-05-19T10:03:34","modified_gmt":"2024-05-19T09:03:34","slug":"marie-france-veyrat-5","status":"publish","type":"post","link":"https:\/\/www.mariusdomingo.com\/altacapa\/?p=18313","title":{"rendered":"Marie-France Veyrat | Artquitectures"},"content":{"rendered":"\n<p>Nicholas Carr afirma en <em>Superficiales: \u00bfqu\u00e9 est\u00e1 haciendo Internet con nuestras mentes?<\/em> (Taurus, 2011) que els mecanismes dels mitjans afecten la naturalesa del pensament, ens convertim, a nivell neurol\u00f2gic, en all\u00f2 que pensem. Sense que aix\u00f2 sigui ni intr\u00ednsecament negatiu ni positiu, Sven Birkerts, coeditor d\u2019AGNI, veu en les noves tecnologies, i en l\u2019art com a forma de superar la dispersi\u00f3 en l\u2019era d\u2019internet, una primerenca observaci\u00f3 de polaritats: el contrast entre amplitud expansiva-inclusiva (per\u00f2, necess\u00e0riament, superficial) i la penetrant (i profunda) intensitat, que es produeix alternativament en el pensament hum\u00e0 i en les manifestacions culturals en general (en <em>Changing the Subject<\/em>, Graywolf Press, 2015). Es contraposen un acc\u00e9s al m\u00f3n de forma global per\u00f2 necess\u00e0riament superficial, amb la mirada en detall i profunda.<\/p>\n\n\n\n<figure class=\"wp-block-image size-full is-resized\"><img loading=\"lazy\" decoding=\"async\" width=\"640\" height=\"564\" src=\"https:\/\/www.mariusdomingo.com\/altacapa\/img_blog\/IMG_5761-1.jpg\" alt=\"\" class=\"wp-image-18315\" style=\"width:534px;height:auto\" srcset=\"https:\/\/www.mariusdomingo.com\/altacapa\/img_blog\/IMG_5761-1.jpg 640w, https:\/\/www.mariusdomingo.com\/altacapa\/img_blog\/IMG_5761-1-300x264.jpg 300w\" sizes=\"(max-width: 640px) 100vw, 640px\" \/><\/figure>\n\n\n\n<p>Birkerts utilitza el terme \u00ablateral\u00bb per definir com internet i per extensi\u00f3 les noves tecnologies de la informaci\u00f3, ens afecten amb connexions rizom\u00e0tiques, mentre Carr opta per \u00absuperficials\u00bb. Tot aix\u00f2 en la llunyana&nbsp; i prehist\u00f2rica d\u00e8cada que va del 2010 al 2020. Si li doneu una ullada al darrer n\u00famero de WIRED, comprovareu que pr\u00e0cticament tots els articles contenen la paraula AI, una revoluci\u00f3 tan patent en el darrer Mobile World Congress que semblava antiga.<\/p>\n\n\n\n<p>Per aquesta exposici\u00f3 en El C\u00edrcol hem volgut establir un di\u00e0leg entre l\u2019espai, on les fustes nobles, els domassos, les l\u00e0mpades de monumentals i els miralls, en l\u2019ambient acollidor dels grans clubs socials europeus d\u2019arrels anglosaxones, contrasten amb la contemporane\u00eftat de les peces de Marie-France. Al \u00abSal\u00f3 de ball\u00bb podem veure la v\u00eddeo instal\u00b7laci\u00f3 \u00abLa forme de l&#8217;eau\u00bb, realitzada en col\u00b7laboraci\u00f3 amb l\u2019artista i comissari Jaime de los R\u00edos. En altres espais s\u2019han situat diferents peces escult\u00f2riques. Ens acostem a l\u2019obra de Marie-France amb aquesta doble mirada de Sven Birkerts: ens subjuga el context esteticista que envolta les seves peces, sempre amb un component de pulcritud, de bellesa innata, de formes perfectament conjugades. Per\u00f2 llavors ens arriba el dubte com un fibl\u00f3 i ens q\u00fcestionem la realitat de les coses, com estan fetes, per qu\u00e8 estan all\u00ed, per qu\u00e8 el m\u00f3n \u00e9s tan estrany. Un moviment incessant de mol\u00e8cules defineixen la forma. Espais i llocs sense presencia humana aparent, sense domesticar, com a restes o potser futures ru\u00efnes, que es mantenen com a vestigis. Qui habita aquells paisatges? Qu\u00e8 va passar per causar aquelles desaparicions? Quin tipus d&#8217;entitat hi va tenir a veure? Quina mena d&#8217;agent ha actuat?<\/p>\n\n\n\n<p>[\u00abOcupaci\u00f3 temporal\u00bb \u00a0Cicle d\u2019exposicions al C\u00edrcol de Reus 2024][2 de 4][<em>Artquitectures<\/em>\u00a0| Marie-France Veyrat][El C\u00edrcol | Reus][Pla\u00e7a Prim, 4][del 26 d\u2019abril de 2024 \u2013 3 de juny de 2024]<\/p>\n","protected":false},"excerpt":{"rendered":"<p>Nicholas Carr afirma en Superficiales: \u00bfqu\u00e9 est\u00e1 haciendo Internet con nuestras mentes? (Taurus, 2011) que els mecanismes dels mitjans afecten la naturalesa del pensament, ens convertim, a nivell neurol\u00f2gic, en all\u00f2 que pensem. Sense que aix\u00f2 sigui ni intr\u00ednsecament negatiu ni positiu, Sven Birkerts, coeditor d\u2019AGNI, veu en les noves tecnologies, i en l\u2019art com&#8230;<\/p>\n","protected":false},"author":3,"featured_media":18314,"comment_status":"closed","ping_status":"closed","sticky":false,"template":"","format":"standard","meta":{"footnotes":""},"categories":[48,19],"tags":[],"_links":{"self":[{"href":"https:\/\/www.mariusdomingo.com\/altacapa\/index.php?rest_route=\/wp\/v2\/posts\/18313"}],"collection":[{"href":"https:\/\/www.mariusdomingo.com\/altacapa\/index.php?rest_route=\/wp\/v2\/posts"}],"about":[{"href":"https:\/\/www.mariusdomingo.com\/altacapa\/index.php?rest_route=\/wp\/v2\/types\/post"}],"author":[{"embeddable":true,"href":"https:\/\/www.mariusdomingo.com\/altacapa\/index.php?rest_route=\/wp\/v2\/users\/3"}],"replies":[{"embeddable":true,"href":"https:\/\/www.mariusdomingo.com\/altacapa\/index.php?rest_route=%2Fwp%2Fv2%2Fcomments&post=18313"}],"version-history":[{"count":3,"href":"https:\/\/www.mariusdomingo.com\/altacapa\/index.php?rest_route=\/wp\/v2\/posts\/18313\/revisions"}],"predecessor-version":[{"id":18319,"href":"https:\/\/www.mariusdomingo.com\/altacapa\/index.php?rest_route=\/wp\/v2\/posts\/18313\/revisions\/18319"}],"wp:featuredmedia":[{"embeddable":true,"href":"https:\/\/www.mariusdomingo.com\/altacapa\/index.php?rest_route=\/wp\/v2\/media\/18314"}],"wp:attachment":[{"href":"https:\/\/www.mariusdomingo.com\/altacapa\/index.php?rest_route=%2Fwp%2Fv2%2Fmedia&parent=18313"}],"wp:term":[{"taxonomy":"category","embeddable":true,"href":"https:\/\/www.mariusdomingo.com\/altacapa\/index.php?rest_route=%2Fwp%2Fv2%2Fcategories&post=18313"},{"taxonomy":"post_tag","embeddable":true,"href":"https:\/\/www.mariusdomingo.com\/altacapa\/index.php?rest_route=%2Fwp%2Fv2%2Ftags&post=18313"}],"curies":[{"name":"wp","href":"https:\/\/api.w.org\/{rel}","templated":true}]}}