{"id":18343,"date":"2024-07-29T17:16:59","date_gmt":"2024-07-29T16:16:59","guid":{"rendered":"https:\/\/www.mariusdomingo.com\/altacapa\/?p=18343"},"modified":"2024-07-29T17:17:00","modified_gmt":"2024-07-29T16:17:00","slug":"digital-after-all-medol-centre-darts-contemporanies-de-tarragona","status":"publish","type":"post","link":"https:\/\/www.mariusdomingo.com\/altacapa\/?p=18343","title":{"rendered":"Digital after all | M\u00e8dol &#8211; Centre d\u2019arts contempor\u00e0nies de Tarragona."},"content":{"rendered":"\n<p>Sota el lema \u00abUna exposici\u00f3 i una celebraci\u00f3 de la digitalitat\u00bb, M\u00e8dol va organitzar durant 4 dies una mostra dedicada a l\u2019art digital i a les possibilitats de la tecnologia aplicades a la creaci\u00f3 art\u00edstica, una oportunitat per explorar un dels camins oberts, amb diferents carreteres secund\u00e0ries, per un grup d\u2019artistes que estan modificant el present i el futur de l\u2019art. Es van presentar les instal\u00b7lacions de gran format dels estudis creatius FIELD (Londres) i Six N. Five &amp; Someform (Barcelona \/ Berl\u00edn), de l\u2019artista visual Alba G. Corral (La R\u00e0pita), de l\u2019artista new media Marnix de Nijs (Rotterdam), de la programadora creativa M\u00f3nica Riki\u0107 (Barcelona) i de l\u2019artista audiovisual nddr3 (Barcelona), a m\u00e9s de la m\u00fasica de DJ Wilk.o. que va actuar durant les visites guiades programades.<\/p>\n\n\n\n<p>La instal\u00b7laci\u00f3 d\u2019Alba G. Corral \u2014si oblidem que el corrent d\u2019aire feia, de tant en tant, flamejar la pantalla\u2014 i la dels estudis FIELD, es van posar directament als visitants a la butxaca. El treball d\u2019Alba G. Corral utilitza algoritmes oberts per generar moviments i textures, tonalitats canviants que es desenvolupen com una gal\u00e0xia en expansi\u00f3 o un organisme rizom\u00e0tic en creixement. El mercuri, present a les potents bombetes que projecten les imatges d\u2019Alba G. Corral i donen t\u00edtol a la pe\u00e7a (\u00abMercuri\u00bb) aporta un punt de reflexi\u00f3 cr\u00edtica a l\u2019estatus que alguns elements qu\u00edmics tenen. FIELD, amb el projecte \u00abDeep Time\u00bb ens acosta a un m\u00f3n en formaci\u00f3 on diferents minerals es fusionen per crear un entorn erosionable que possibiliti l\u2019establiment d\u2019h\u00e0bitats biol\u00f2gics. Totes dues instal\u00b7lacions exploren un concepte de \u201cnova tecnologia\u201d, i aqu\u00ed podem incloure internet i la IA, que no persegueix recol\u00b7lectar informaci\u00f3 o generar coneixements nous, compilar dades i generar relacions entre elles, no, ni el treball d\u2019Alba G. Coral ni la proposta de FIELD, estan per la rapidesa o l\u2019an\u00e0lisi d\u2019inventaris, els seus treballs orbiten a una velocitat m\u00e9s lenta, estan emmarcats en la contemplaci\u00f3. El mateix impuls que ens fa agafar un avi\u00f3 i plantar-nos davant de la torre de Pisa, passejar pel claustre rom\u00e0nic de Poblet o estirar-nos a la sorra de la platja del Trabucador al delta de l\u2019Ebre. Contemplaci\u00f3 lligada a introspecci\u00f3, a pouar dins d\u2019un mateix alguna cosa valuosa que ten\u00edem oblidada, establint connexions pr\u00f2pies. Sense que ens diguin que hem de pensar, que hem de fer, en quina direcci\u00f3 hem de caminar.<\/p>\n\n\n\n<p>\u00abDigital After All\u00bb comptava tamb\u00e9 amb obres dels estudis creatius Six N. Five &amp; Someform, que presentava \u00abArtificial Spaces\u00bb, amb una forta pres\u00e8ncia arquitect\u00f2nica i una reflexi\u00f3 sobre les relacions que establim amb el nostre context f\u00edsic en funci\u00f3 de qui som i com pensem. L\u2019obra de l\u2019artista new media Marnix de Nijs, ens proposa una \u201cexperi\u00e8ncia immersiva cinem\u00e0tica\u201d que faci variar el nostra percepci\u00f3 de verticalitat i horitzontalitat, navegant per un m\u00f3n virtual. De l\u2019artista i programadora creativa M\u00f3nica Riki\u0107 pod\u00edem veure una pe\u00e7a (\u00abNew Home of Mind\u00bb) amb una est\u00e8tica meravellosament retrofuturista i de la jove artista audiovisual experimental Andrea Badia \u2014coneguda com nddr3\u2014, una delicada pe\u00e7a que utilitza t\u00e8cniques com el modelatge 3D, la realitat virtual, instal\u00b7lacions amb el hardware lliure Arduino o gr\u00e0fics generatius, per obtenir peces molt subtils i escult\u00f2riques.<\/p>\n\n\n\n<p>L\u2019exposici\u00f3 va comptar amb el suport de Cultura Digital i neix de la mostra d\u2019art digital \u201cDigital Impact\u201c, dirigida per Pep Salazar i comissariada per H\u00e9ctor Ayuso, presentada al Disseny Hub Barcelona el 2023, i la col\u00b7laboraci\u00f3 de The Newart Collection.<\/p>\n\n\n\n<p>L\u2019elecci\u00f3 de l\u2019espai mereix unes l\u00ednies, sin\u00f3 un article sencer. La nau de La Tabacalera on tenia lloc l\u2019exposici\u00f3 era, indiscutiblement, un dels elements omnipresents que amb el seu \u201ccar\u00e0cter\u201d cohesionava la mostra. Vicent Fibla, director de M\u00e8dol Centre d\u2019Arts Contempor\u00e0nies de Tarragona, encerta una vegada m\u00e9s programant a La Tabacalera una exposici\u00f3 que dif\u00edcilment s\u2019hauria pogut veure en cap altre lloc de la ciutat. La pregunta que sorgeix \u00e9s molt senzilla: Per qu\u00e8 no est\u00e0 aqu\u00ed la seu de M\u00e8dol? Fa quasi vint anys que l&#8217;Ajuntament de Tarragona va adquirir les instal\u00b7lacions de La Tabacalera, a la multinacional Altadis, dels usos inicialment previstos un era com a nova seu del Museu Nacional Arqueol\u00f2gic de Tarragona tamb\u00e9 se\u2019n va parlar de traslladar-ne la biblioteca provincial, pel cam\u00ed es va construir en la fa\u00e7ana un jard\u00ed vertical car\u00edssim \u2013ja desmuntat\u2014 i ara s\u2019aposta per instal\u00b7lar en l\u2019antiga f\u00e0brica un hub formatiu, cultural i tecnol\u00f2gic. Ning\u00fa ha pensat seriosament en situar all\u00ed el centre d\u2019art contemporani que la ciutat es mereix?<\/p>\n\n\n\n<p>Tarragona amb aix\u00f2 de tenir un centre d\u2019art contemporani no aixeca el cap. El 2011 es posava en marxa el \u00abCA Tarragona Centre d&#8217;Art\u00bb, fins l\u2019any 2014, \u00abEl Teler de Llum\u00bb \u00e9s el nom que va rebre durant els anys 2014, 2015 i 2016. Quatre anys va durar el \u00abCentre d&#8217;Art Tarragona\u00bb del 2018 al 2021, recordo que tenia un logo molt bonic, i des de novembre de 2021 tenim M\u00e8dol a les Golfes de Casa Canals. En aquest anys ens hem passejat pels tinglados del port i per les golfes de la Casa Canals, i virtualment pel mercat de la pla\u00e7a del F\u00f2rum, i fins i tot, fa molt i molt, vam somiar en un centre d\u2019art a l\u2019antiga f\u00e0brica de la Chartreuse. Not\u00edcia de fa un parell d\u2019anys: La finca de la Savinosa esdevindr\u00e0 un hub cultural i educatiu d\u2019\u00fas p\u00fablic. Uix, m\u2019oblidava dels projectes pel Banc d\u2019Espanya, a la rambla: centre de divulgaci\u00f3 cient\u00edfica, biblioteca, hemeroteca, i com no, centre d\u2019art contemporani. Esperem que amb la redacci\u00f3 del Pla Estrat\u00e8gic Tarragona Cultura i l\u2019assoliment dels consensos necessaris, aconseguim finalment projecte estable en un equipament de qualitat. Queda lluny la Tarraco on va viure l\u2019emperador August, per\u00f2 b\u00e9 ens podr\u00edem semblar a ciutats properes com Castell\u00f3 de la Plana o Lleida, amb centres d\u2019art contemporani consolidats. L\u2019Espai d\u2019art Contemporani de Castell\u00f3 es va inaugurar fa 25 anys, i fa 21 que funciona a Lleida el Centre d\u2019Art la Panera.<\/p>\n\n\n\n<p>M\u00e0rius Domingo &#8211; ARTIGA 42<\/p>\n\n\n\n<p>[La Tabacalera (Tarragona) | Del 25 al 28 d\u2019abril de 2024]<\/p>\n","protected":false},"excerpt":{"rendered":"<p>Sota el lema \u00abUna exposici\u00f3 i una celebraci\u00f3 de la digitalitat\u00bb, M\u00e8dol va organitzar durant 4 dies una mostra dedicada a l\u2019art digital i a les possibilitats de la tecnologia aplicades a la creaci\u00f3 art\u00edstica, una oportunitat per explorar un dels camins oberts, amb diferents carreteres secund\u00e0ries, per un grup d\u2019artistes que estan modificant el&#8230;<\/p>\n","protected":false},"author":3,"featured_media":18344,"comment_status":"closed","ping_status":"closed","sticky":false,"template":"","format":"standard","meta":{"footnotes":""},"categories":[19,28],"tags":[],"_links":{"self":[{"href":"https:\/\/www.mariusdomingo.com\/altacapa\/index.php?rest_route=\/wp\/v2\/posts\/18343"}],"collection":[{"href":"https:\/\/www.mariusdomingo.com\/altacapa\/index.php?rest_route=\/wp\/v2\/posts"}],"about":[{"href":"https:\/\/www.mariusdomingo.com\/altacapa\/index.php?rest_route=\/wp\/v2\/types\/post"}],"author":[{"embeddable":true,"href":"https:\/\/www.mariusdomingo.com\/altacapa\/index.php?rest_route=\/wp\/v2\/users\/3"}],"replies":[{"embeddable":true,"href":"https:\/\/www.mariusdomingo.com\/altacapa\/index.php?rest_route=%2Fwp%2Fv2%2Fcomments&post=18343"}],"version-history":[{"count":1,"href":"https:\/\/www.mariusdomingo.com\/altacapa\/index.php?rest_route=\/wp\/v2\/posts\/18343\/revisions"}],"predecessor-version":[{"id":18345,"href":"https:\/\/www.mariusdomingo.com\/altacapa\/index.php?rest_route=\/wp\/v2\/posts\/18343\/revisions\/18345"}],"wp:featuredmedia":[{"embeddable":true,"href":"https:\/\/www.mariusdomingo.com\/altacapa\/index.php?rest_route=\/wp\/v2\/media\/18344"}],"wp:attachment":[{"href":"https:\/\/www.mariusdomingo.com\/altacapa\/index.php?rest_route=%2Fwp%2Fv2%2Fmedia&parent=18343"}],"wp:term":[{"taxonomy":"category","embeddable":true,"href":"https:\/\/www.mariusdomingo.com\/altacapa\/index.php?rest_route=%2Fwp%2Fv2%2Fcategories&post=18343"},{"taxonomy":"post_tag","embeddable":true,"href":"https:\/\/www.mariusdomingo.com\/altacapa\/index.php?rest_route=%2Fwp%2Fv2%2Ftags&post=18343"}],"curies":[{"name":"wp","href":"https:\/\/api.w.org\/{rel}","templated":true}]}}