{"id":18413,"date":"2024-05-03T21:35:00","date_gmt":"2024-05-03T20:35:00","guid":{"rendered":"https:\/\/www.mariusdomingo.com\/altacapa\/?p=18413"},"modified":"2024-08-18T22:13:08","modified_gmt":"2024-08-18T21:13:08","slug":"la-coleccion","status":"publish","type":"post","link":"https:\/\/www.mariusdomingo.com\/altacapa\/?p=18413","title":{"rendered":"La colecci\u00f3n"},"content":{"rendered":"\n<p>Juan Mayorga s&#8217;encarrega del text i de la direcci\u00f3 de &#8220;La colecci\u00f3n&#8221;, a l&#8217;obra ens expliquen que &#8220;l\u2019H\u00e9ctor i la Berna s\u00f3n un matrimoni sense fills, al llarg de la seva vida han reunit una col\u00b7lecci\u00f3 de la qual van sacrificar tota la resta. Ara, avis, volen assegurar-se que la col\u00b7lecci\u00f3 els sobrevisqui, i per aix\u00f2 busquen un hereu. Han convocat la Susana, col\u00b7leccionista, potser per examinar-la. Els acompanya el Carlos, potser\u00a0un examinador, o una pe\u00e7a de la col\u00b7lecci\u00f3.&#8221;<\/p>\n\n\n\n<p>S\u00ed, es tracta d&#8217;una col\u00b7lecci\u00f3 d&#8217;art, o aix\u00f2 sembla, o potser \u00e9s un recull d&#8217;experi\u00e8ncies i souvenirs. No s\u00e9. H\u00e9ctor i Berna busquen alg\u00fa que pugui continuar amb la col\u00b7lecci\u00f3, que la pugui administrar, tenir-ne cura. El que acumulem al nostre voltant ens defineix, \u00e9s tamb\u00e9 un signe de la nostra societat del consum. Recordo un reportatge fotogr\u00e0fic que veig veure en el dominical d&#8217;un diari, potser <em>La Vanguardia<\/em>, no ho recordo. A les imatges es podia veure a una fam\u00edlia fotografiada amb totes les coses que cont\u00e9 casa seva. Espectacular. O un altre reportatge en qu\u00e8 feien lo mateix per\u00f2 es fotografiaven al costat de tota la brossa que havien produ\u00eft durant un mes. Col\u00b7leccions. <\/p>\n\n\n\n<p>[Teatre Olympia | Val\u00e8ncia][Int\u00e8rprets: Jos\u00e9 Sacrist\u00e1n \u2013 H\u00e9ctor |Ana Marzoa \u2013 Berna |Ignacio Jim\u00e9nez \u2013 Carlos |Zaira Montes &#8211; Susana][2 de maig de 2024]<\/p>\n","protected":false},"excerpt":{"rendered":"<p>Juan Mayorga s&#8217;encarrega del text i de la direcci\u00f3 de &#8220;La colecci\u00f3n&#8221;, a l&#8217;obra ens expliquen que &#8220;l\u2019H\u00e9ctor i la Berna s\u00f3n un matrimoni sense fills, al llarg de la seva vida han reunit una col\u00b7lecci\u00f3 de la qual van sacrificar tota la resta. Ara, avis, volen assegurar-se que la col\u00b7lecci\u00f3 els sobrevisqui, i per&#8230;<\/p>\n","protected":false},"author":3,"featured_media":18414,"comment_status":"closed","ping_status":"closed","sticky":false,"template":"","format":"standard","meta":{"footnotes":""},"categories":[8],"tags":[],"_links":{"self":[{"href":"https:\/\/www.mariusdomingo.com\/altacapa\/index.php?rest_route=\/wp\/v2\/posts\/18413"}],"collection":[{"href":"https:\/\/www.mariusdomingo.com\/altacapa\/index.php?rest_route=\/wp\/v2\/posts"}],"about":[{"href":"https:\/\/www.mariusdomingo.com\/altacapa\/index.php?rest_route=\/wp\/v2\/types\/post"}],"author":[{"embeddable":true,"href":"https:\/\/www.mariusdomingo.com\/altacapa\/index.php?rest_route=\/wp\/v2\/users\/3"}],"replies":[{"embeddable":true,"href":"https:\/\/www.mariusdomingo.com\/altacapa\/index.php?rest_route=%2Fwp%2Fv2%2Fcomments&post=18413"}],"version-history":[{"count":2,"href":"https:\/\/www.mariusdomingo.com\/altacapa\/index.php?rest_route=\/wp\/v2\/posts\/18413\/revisions"}],"predecessor-version":[{"id":18416,"href":"https:\/\/www.mariusdomingo.com\/altacapa\/index.php?rest_route=\/wp\/v2\/posts\/18413\/revisions\/18416"}],"wp:featuredmedia":[{"embeddable":true,"href":"https:\/\/www.mariusdomingo.com\/altacapa\/index.php?rest_route=\/wp\/v2\/media\/18414"}],"wp:attachment":[{"href":"https:\/\/www.mariusdomingo.com\/altacapa\/index.php?rest_route=%2Fwp%2Fv2%2Fmedia&parent=18413"}],"wp:term":[{"taxonomy":"category","embeddable":true,"href":"https:\/\/www.mariusdomingo.com\/altacapa\/index.php?rest_route=%2Fwp%2Fv2%2Fcategories&post=18413"},{"taxonomy":"post_tag","embeddable":true,"href":"https:\/\/www.mariusdomingo.com\/altacapa\/index.php?rest_route=%2Fwp%2Fv2%2Ftags&post=18413"}],"curies":[{"name":"wp","href":"https:\/\/api.w.org\/{rel}","templated":true}]}}