{"id":18429,"date":"2024-08-21T17:38:43","date_gmt":"2024-08-21T16:38:43","guid":{"rendered":"https:\/\/www.mariusdomingo.com\/altacapa\/?p=18429"},"modified":"2024-08-21T17:42:42","modified_gmt":"2024-08-21T16:42:42","slug":"nuria-guell-la-fera-de-les-flors","status":"publish","type":"post","link":"https:\/\/www.mariusdomingo.com\/altacapa\/?p=18429","title":{"rendered":"N\u00faria G\u00fcell | \u00abLa fera de les flors\u00bb"},"content":{"rendered":"\n<p>Dins el cicle &#8220;Dret a r\u00e8plica&#8221;, comissariat per Francesco Giaveri, podem veure el v\u00eddeo \u00abLa fera de les flors\u00bb, de N\u00faria G\u00fcell. Una proposta molt pertinent en qu\u00e8 s&#8217;analitza el paper de les institucions muse\u00edstiques a l&#8217;hora de normalitzar discursos que amaguen i silencien la pres\u00e8ncia de certs col\u00b7lectius en el m\u00f3n de l&#8217;art. <\/p>\n\n\n\n<p>&#8220;La pr\u00e0ctica de N\u00faria G\u00fcell emfatitza la import\u00e0ncia de q\u00fcestionar els l\u00edmits del que assumim com a normalitzat per educaci\u00f3 o per context. Insta a aportar nous relats que donin cabuda a veus silenciades i allunyades de l\u2019audi\u00e8ncia de l\u2019art. Com podem escoltar els qui no tenen la possibilitat de parlar? Quin \u00e9s el paper del museu en la seva funci\u00f3 de custodiar, per\u00f2 tamb\u00e9 de promoure, la cultura? Com n\u2019\u00e9s de decisiva la posici\u00f3 (de g\u00e8nere, racial, econ\u00f2mica, etc.) des de la qual es produeix i s\u2019interpreta la cultura? Segons el fil\u00f2sof Pierre Bourdieu, \u201cun pensament veritablement cr\u00edtic ha de comen\u00e7ar amb una cr\u00edtica dels fonaments econ\u00f2mics i socials del mateix pensament cr\u00edtic\u201d. Per aix\u00f2 mateix, una part fonamental dels projectes de N\u00faria G\u00fcell neix del treball amb col\u00b7lectius en risc d\u2019exclusi\u00f3 i associacions arrelades al territori, a trav\u00e9s de tallers i di\u00e0legs permanents. \u00c9s aqu\u00ed on l\u2019artista formula les preguntes inc\u00f2modes, escolta i q\u00fcestiona les mateixes institucions en qu\u00e8 la seva obra circula.&#8221; [\u2190 text de Francesco Giaveri, del <a href=\"https:\/\/www.dipta.cat\/mamt\/exposicions\/feria-las-flores-nuria-guell\">full de sala<\/a>]<\/p>\n\n\n\n<p>[MAMT &#8211; Museu d&#8217;Art Modern de Tarragona][Del 5 de juliol al 29 de setembre de 2024]<\/p>\n\n\n\n<figure class=\"wp-block-image\"><img decoding=\"async\" src=\"blob:https:\/\/www.mariusdomingo.com\/d1e6ce5b-0fab-4191-b58a-276e204f941f\" alt=\"\"\/><\/figure>\n","protected":false},"excerpt":{"rendered":"<p>Dins el cicle &#8220;Dret a r\u00e8plica&#8221;, comissariat per Francesco Giaveri, podem veure el v\u00eddeo \u00abLa fera de les flors\u00bb, de N\u00faria G\u00fcell. Una proposta molt pertinent en qu\u00e8 s&#8217;analitza el paper de les institucions muse\u00edstiques a l&#8217;hora de normalitzar discursos que amaguen i silencien la pres\u00e8ncia de certs col\u00b7lectius en el m\u00f3n de l&#8217;art. &#8220;La&#8230;<\/p>\n","protected":false},"author":3,"featured_media":18430,"comment_status":"closed","ping_status":"closed","sticky":false,"template":"","format":"standard","meta":{"footnotes":""},"categories":[37,8,19],"tags":[],"_links":{"self":[{"href":"https:\/\/www.mariusdomingo.com\/altacapa\/index.php?rest_route=\/wp\/v2\/posts\/18429"}],"collection":[{"href":"https:\/\/www.mariusdomingo.com\/altacapa\/index.php?rest_route=\/wp\/v2\/posts"}],"about":[{"href":"https:\/\/www.mariusdomingo.com\/altacapa\/index.php?rest_route=\/wp\/v2\/types\/post"}],"author":[{"embeddable":true,"href":"https:\/\/www.mariusdomingo.com\/altacapa\/index.php?rest_route=\/wp\/v2\/users\/3"}],"replies":[{"embeddable":true,"href":"https:\/\/www.mariusdomingo.com\/altacapa\/index.php?rest_route=%2Fwp%2Fv2%2Fcomments&post=18429"}],"version-history":[{"count":4,"href":"https:\/\/www.mariusdomingo.com\/altacapa\/index.php?rest_route=\/wp\/v2\/posts\/18429\/revisions"}],"predecessor-version":[{"id":18435,"href":"https:\/\/www.mariusdomingo.com\/altacapa\/index.php?rest_route=\/wp\/v2\/posts\/18429\/revisions\/18435"}],"wp:featuredmedia":[{"embeddable":true,"href":"https:\/\/www.mariusdomingo.com\/altacapa\/index.php?rest_route=\/wp\/v2\/media\/18430"}],"wp:attachment":[{"href":"https:\/\/www.mariusdomingo.com\/altacapa\/index.php?rest_route=%2Fwp%2Fv2%2Fmedia&parent=18429"}],"wp:term":[{"taxonomy":"category","embeddable":true,"href":"https:\/\/www.mariusdomingo.com\/altacapa\/index.php?rest_route=%2Fwp%2Fv2%2Fcategories&post=18429"},{"taxonomy":"post_tag","embeddable":true,"href":"https:\/\/www.mariusdomingo.com\/altacapa\/index.php?rest_route=%2Fwp%2Fv2%2Ftags&post=18429"}],"curies":[{"name":"wp","href":"https:\/\/api.w.org\/{rel}","templated":true}]}}