{"id":18503,"date":"2025-02-07T11:30:47","date_gmt":"2025-02-07T10:30:47","guid":{"rendered":"https:\/\/www.mariusdomingo.com\/altacapa\/?p=18503"},"modified":"2025-02-16T11:36:07","modified_gmt":"2025-02-16T10:36:07","slug":"artiga-revista-dart-i-pensament-contemporani-numero-43","status":"publish","type":"post","link":"https:\/\/www.mariusdomingo.com\/altacapa\/?p=18503","title":{"rendered":"ARTIGA, revista d&#8217;art i pensament contemporani, n\u00famero 43"},"content":{"rendered":"\n<p>Ja podeu trobar el n\u00famero 43 d&#8217;<em>ARTIGA<\/em> als llocs habituals de distribuci\u00f3 i en <a href=\"https:\/\/www.artiga.cat\/\" data-type=\"link\" data-id=\"https:\/\/www.artiga.cat\/\">artiga.cat<\/a><\/p>\n\n\n\n<p><strong>PORTADA<\/strong>:<\/p>\n\n\n\n<p>Mariona Moncunill<\/p>\n\n\n\n<p><strong>DEBAT<\/strong>:<\/p>\n\n\n\n<p>Art i mem\u00f2ria -Art com a testimoni<\/p>\n\n\n\n<p><strong>EXPOSICIONS i TEMES<\/strong>:<\/p>\n\n\n\n<p>Mariona Moncunill a Palma dotze; Ro Caminal Fortuny i el colonialismea Museu de Reus; Jorge Conde Citta eterna. Cittasouvenir a M\u00e8dol; Maider L\u00f3pez Tocar el museu al MAMT.<\/p>\n\n\n\n<p><strong>P\u00c0GINES D&#8217;ARTISTA<\/strong>:<\/p>\n\n\n\n<p>Salvador Juanpere. Lennin-Columbus<\/p>\n\n\n\n<p><strong>ARTICLES<\/strong>:<\/p>\n\n\n\n<p>Euf\u00f2nic. Entrevista a Vicent Fibla; SCAN Festival de fotografia de Tarragona 2024; Biennal d&#8217;Art gastron\u00f2mic, Cambrils; Mari Chord\u00e0, MAMT i MACBA. Biennal d&#8217;Amposta BIAM a Lo Pati; Festival Rihihiu al Montsi\u00e0; Terra de Llorers, Lloren\u00e7 del Pened\u00e8s; Jornades Art i natura, URV i Cultura Verda, Antonio Luque 426 anarquistas, Museu de Valls.<\/p>\n\n\n\n<p><strong>DESTACATS<\/strong>:<\/p>\n\n\n\n<p>Michael Kirkegaard, Galeria Antoni Pinyol; Antibiografia a M\u00e8dol; Fotobooks dins SCAN al MAMT; Fabi\u00e0 Claramunt a SBAW Barcelona; Antroposcenesa Lo Pati; Femme in arts 24 a Lo Pati; Gerard Boyer dins SCAN a M\u00e8dol; Enric Madorran a Art Amill (Vinyols); Josep Ma. Rossell\u00f3 a La Catedral Tarragona; N\u00faria G\u00fcell al MAMT; Ignasi Blanch al Tinglado 2, Port Tarragona; Edicions de llibres i cat\u00e0legs<\/p>\n\n\n\n<p><strong>MIRADA EXTERIOR<\/strong>:<\/p>\n\n\n\n<p>MANIFESTA 15, Barcelona; Tabita Rezaire a Museu Thyssen Bonemisza. Madrid.<\/p>\n\n\n\n<p><strong>INICIATIVES<\/strong>:<\/p>\n\n\n\n<p>MED INSTITUT.Teixint xarxes,a M\u00c8DOL.<\/p>\n\n\n\n<p><strong>COL\u00b7LABORADORS<\/strong>:<\/p>\n\n\n\n<p>Francesc Parramon, Anna M. Guasch, Quim Torres, Diana Padr\u00f3n,Laia Mar\u00edn, Iria Rod\u00f3n, Cinta Bellmunt, Assumpta Ros\u00e9s, Antonio Salcedo, C\u00e8lia del Diego; Maite Serna; Elina Norandi; Anna Zahera, Jaume Vidal; M\u00e0rius Domingo; Ester Fabregat; Ana Gonz\u00e1lez Chouci\u00f1o.<\/p>\n","protected":false},"excerpt":{"rendered":"<p>Ja podeu trobar el n\u00famero 43 d&#8217;ARTIGA als llocs habituals de distribuci\u00f3 i en artiga.cat PORTADA: Mariona Moncunill DEBAT: Art i mem\u00f2ria -Art com a testimoni EXPOSICIONS i TEMES: Mariona Moncunill a Palma dotze; Ro Caminal Fortuny i el colonialismea Museu de Reus; Jorge Conde Citta eterna. Cittasouvenir a M\u00e8dol; Maider L\u00f3pez Tocar el museu&#8230;<\/p>\n","protected":false},"author":3,"featured_media":18504,"comment_status":"closed","ping_status":"closed","sticky":false,"template":"","format":"standard","meta":{"footnotes":""},"categories":[120,119],"tags":[],"_links":{"self":[{"href":"https:\/\/www.mariusdomingo.com\/altacapa\/index.php?rest_route=\/wp\/v2\/posts\/18503"}],"collection":[{"href":"https:\/\/www.mariusdomingo.com\/altacapa\/index.php?rest_route=\/wp\/v2\/posts"}],"about":[{"href":"https:\/\/www.mariusdomingo.com\/altacapa\/index.php?rest_route=\/wp\/v2\/types\/post"}],"author":[{"embeddable":true,"href":"https:\/\/www.mariusdomingo.com\/altacapa\/index.php?rest_route=\/wp\/v2\/users\/3"}],"replies":[{"embeddable":true,"href":"https:\/\/www.mariusdomingo.com\/altacapa\/index.php?rest_route=%2Fwp%2Fv2%2Fcomments&post=18503"}],"version-history":[{"count":2,"href":"https:\/\/www.mariusdomingo.com\/altacapa\/index.php?rest_route=\/wp\/v2\/posts\/18503\/revisions"}],"predecessor-version":[{"id":18507,"href":"https:\/\/www.mariusdomingo.com\/altacapa\/index.php?rest_route=\/wp\/v2\/posts\/18503\/revisions\/18507"}],"wp:featuredmedia":[{"embeddable":true,"href":"https:\/\/www.mariusdomingo.com\/altacapa\/index.php?rest_route=\/wp\/v2\/media\/18504"}],"wp:attachment":[{"href":"https:\/\/www.mariusdomingo.com\/altacapa\/index.php?rest_route=%2Fwp%2Fv2%2Fmedia&parent=18503"}],"wp:term":[{"taxonomy":"category","embeddable":true,"href":"https:\/\/www.mariusdomingo.com\/altacapa\/index.php?rest_route=%2Fwp%2Fv2%2Fcategories&post=18503"},{"taxonomy":"post_tag","embeddable":true,"href":"https:\/\/www.mariusdomingo.com\/altacapa\/index.php?rest_route=%2Fwp%2Fv2%2Ftags&post=18503"}],"curies":[{"name":"wp","href":"https:\/\/api.w.org\/{rel}","templated":true}]}}