{"id":18589,"date":"2025-07-21T11:27:55","date_gmt":"2025-07-21T10:27:55","guid":{"rendered":"https:\/\/www.mariusdomingo.com\/altacapa\/?p=18589"},"modified":"2025-07-27T11:42:20","modified_gmt":"2025-07-27T10:42:20","slug":"terra-de-llorers-de-rebrots-i-desporgades","status":"publish","type":"post","link":"https:\/\/www.mariusdomingo.com\/altacapa\/?p=18589","title":{"rendered":"Terra de llorers, de rebrots i d\u2019esporgades"},"content":{"rendered":"\n<h3 class=\"wp-block-heading\"><strong>Ressons d\u2019un pa\u00eds callat: Terra de llorers, de rebrots i d\u2019esporgades<\/strong><\/h3>\n\n\n\n<p><em>Lloren\u00e7 del Pened\u00e8s, 18 i 19 de juliol de 2025<\/em><\/p>\n\n\n\n<p>Aquest cap de setmana, Lloren\u00e7 del Pened\u00e8s ha tornat a esdevenir espai de mem\u00f2ria viva i art\u00edsticament insurgent. <em>Terra de llorers, de rebrots i d\u2019esporgades<\/em> ha reunit veus, cossos i mirades per reconstruir, no pas un passat fossilitzat, sin\u00f3 un present que encara interpel\u00b7la. El cementiri municipal va obrir el silenci divendres al vespre amb un homenatge a les fosses comunes. All\u00e0, la veu de Meritxell Gen\u00e9, les accions d\u2019\u00c0lvar Calvet i Aureli Ruiz, i les paraules dites, van fer de la terra un espai de comuni\u00f3 i den\u00fancia.<\/p>\n\n\n\n<figure class=\"wp-block-image size-full\"><img loading=\"lazy\" decoding=\"async\" width=\"433\" height=\"640\" src=\"https:\/\/www.mariusdomingo.com\/altacapa\/img_blog\/IMG_5276-1.jpg\" alt=\"\" class=\"wp-image-18591\" srcset=\"https:\/\/www.mariusdomingo.com\/altacapa\/img_blog\/IMG_5276-1.jpg 433w, https:\/\/www.mariusdomingo.com\/altacapa\/img_blog\/IMG_5276-1-203x300.jpg 203w\" sizes=\"(max-width: 433px) 100vw, 433px\" \/><\/figure>\n\n\n\n<p><\/p>\n\n\n\n<p>L\u2019endem\u00e0, la mem\u00f2ria es va desplegar pel poble com un mapa afectiu. De pla\u00e7a en pla\u00e7a, de carrer en carrer, es van anar encadenant accions art\u00edstiques, teatre, m\u00fasica, investigaci\u00f3 hist\u00f2rica i evocacions \u00edntimes que posaven nom, rostre i sentit a les esquerdes d\u2019un pa\u00eds ferit. El toc de preg\u00f3 de Gerard Romero va obrir el recorregut, que va incloure homenatges a figures com Amadeu Sicart Nin, els deportats als camps nazis, o Carme Romeu. I en cada parada, un gest: un poema, una acci\u00f3, una campana, un brodat, una pe\u00e7a teatral, una mirada al cel.<\/p>\n\n\n\n<p>Aquest projecte, impulsat per Ramon Sicart i Batet, articula un vincle entre hist\u00f2ria local i arts contempor\u00e0nies. No es tracta de representar el passat, sin\u00f3 d\u2019activar-lo des del present, com ho fan les obres exposades a Cal Marsal, amb artistes com Jordi Abell\u00f3, Antonio Alcaraz, Ester Ferrando, Miquel Garcia (imatge de sota), Michael Kirkegaard (imatge que obre aquesta entrada) o Olga Olivera-Tabeni, entre molts d\u2019altres.<\/p>\n\n\n\n<figure class=\"wp-block-image size-full\"><img loading=\"lazy\" decoding=\"async\" width=\"480\" height=\"640\" src=\"https:\/\/www.mariusdomingo.com\/altacapa\/img_blog\/IMG_5297-edited.jpg\" alt=\"\" class=\"wp-image-18593\" srcset=\"https:\/\/www.mariusdomingo.com\/altacapa\/img_blog\/IMG_5297-edited.jpg 480w, https:\/\/www.mariusdomingo.com\/altacapa\/img_blog\/IMG_5297-edited-225x300.jpg 225w\" sizes=\"(max-width: 480px) 100vw, 480px\" \/><\/figure>\n\n\n\n<p><\/p>\n\n\n\n<p>El llibre que acompanya l\u2019exposici\u00f3, <em>Terra de llorers, de rebrots i d\u2019esporgades<\/em>, n\u2019\u00e9s un compendi plural i profund, amb textos que van des de l\u2019arqueologia del nom de Lloren\u00e7 fins als relats de resist\u00e8ncia contra l\u2019espoli franquista, passant per les hist\u00f2ries silenciades de mestres, cooperativistes o deportats.<\/p>\n\n\n\n<p>Lloren\u00e7 ha demostrat, per segon any consecutiu, que la mem\u00f2ria pot ser una pr\u00e0ctica viva, situada i transformadora. Entre llorers i rebrots, entre ferides i esporgades, hi batega un comprom\u00eds que va m\u00e9s enll\u00e0 de la commemoraci\u00f3: fer de la cultura una eina per mirar el m\u00f3n amb ulls oberts, per escoltar all\u00f2 que encara no ha estat dit, per reparar el fil trencat entre la hist\u00f2ria i la vida.<\/p>\n\n\n\n<figure class=\"wp-block-image size-full\"><img loading=\"lazy\" decoding=\"async\" width=\"640\" height=\"480\" src=\"https:\/\/www.mariusdomingo.com\/altacapa\/img_blog\/IMG_5308.jpg\" alt=\"\" class=\"wp-image-18594\" srcset=\"https:\/\/www.mariusdomingo.com\/altacapa\/img_blog\/IMG_5308.jpg 640w, https:\/\/www.mariusdomingo.com\/altacapa\/img_blog\/IMG_5308-300x225.jpg 300w, https:\/\/www.mariusdomingo.com\/altacapa\/img_blog\/IMG_5308-80x60.jpg 80w\" sizes=\"(max-width: 640px) 100vw, 640px\" \/><\/figure>\n","protected":false},"excerpt":{"rendered":"<p>Ressons d\u2019un pa\u00eds callat: Terra de llorers, de rebrots i d\u2019esporgades Lloren\u00e7 del Pened\u00e8s, 18 i 19 de juliol de 2025 Aquest cap de setmana, Lloren\u00e7 del Pened\u00e8s ha tornat a esdevenir espai de mem\u00f2ria viva i art\u00edsticament insurgent. Terra de llorers, de rebrots i d\u2019esporgades ha reunit veus, cossos i mirades per reconstruir, no&#8230;<\/p>\n","protected":false},"author":3,"featured_media":18590,"comment_status":"closed","ping_status":"closed","sticky":false,"template":"","format":"standard","meta":{"footnotes":""},"categories":[40,19],"tags":[],"_links":{"self":[{"href":"https:\/\/www.mariusdomingo.com\/altacapa\/index.php?rest_route=\/wp\/v2\/posts\/18589"}],"collection":[{"href":"https:\/\/www.mariusdomingo.com\/altacapa\/index.php?rest_route=\/wp\/v2\/posts"}],"about":[{"href":"https:\/\/www.mariusdomingo.com\/altacapa\/index.php?rest_route=\/wp\/v2\/types\/post"}],"author":[{"embeddable":true,"href":"https:\/\/www.mariusdomingo.com\/altacapa\/index.php?rest_route=\/wp\/v2\/users\/3"}],"replies":[{"embeddable":true,"href":"https:\/\/www.mariusdomingo.com\/altacapa\/index.php?rest_route=%2Fwp%2Fv2%2Fcomments&post=18589"}],"version-history":[{"count":3,"href":"https:\/\/www.mariusdomingo.com\/altacapa\/index.php?rest_route=\/wp\/v2\/posts\/18589\/revisions"}],"predecessor-version":[{"id":18599,"href":"https:\/\/www.mariusdomingo.com\/altacapa\/index.php?rest_route=\/wp\/v2\/posts\/18589\/revisions\/18599"}],"wp:featuredmedia":[{"embeddable":true,"href":"https:\/\/www.mariusdomingo.com\/altacapa\/index.php?rest_route=\/wp\/v2\/media\/18590"}],"wp:attachment":[{"href":"https:\/\/www.mariusdomingo.com\/altacapa\/index.php?rest_route=%2Fwp%2Fv2%2Fmedia&parent=18589"}],"wp:term":[{"taxonomy":"category","embeddable":true,"href":"https:\/\/www.mariusdomingo.com\/altacapa\/index.php?rest_route=%2Fwp%2Fv2%2Fcategories&post=18589"},{"taxonomy":"post_tag","embeddable":true,"href":"https:\/\/www.mariusdomingo.com\/altacapa\/index.php?rest_route=%2Fwp%2Fv2%2Ftags&post=18589"}],"curies":[{"name":"wp","href":"https:\/\/api.w.org\/{rel}","templated":true}]}}