{"id":18600,"date":"2025-07-14T14:48:36","date_gmt":"2025-07-14T13:48:36","guid":{"rendered":"https:\/\/www.mariusdomingo.com\/altacapa\/?p=18600"},"modified":"2025-07-27T15:02:32","modified_gmt":"2025-07-27T14:02:32","slug":"emergencies-i-escoltes-abissals-el-paisatge-sonor-deufonic-2025","status":"publish","type":"post","link":"https:\/\/www.mariusdomingo.com\/altacapa\/?p=18600","title":{"rendered":"Emerg\u00e8ncies i escoltes abissals: el paisatge sonor d\u2019Euf\u00f2nic 2025"},"content":{"rendered":"\n<p><strong>Emerg\u00e8ncies i escoltes abissals: el paisatge sonor d\u2019Euf\u00f2nic 2025<\/strong><br><em>14a edici\u00f3 del Festival Euf\u00f2nic \u2013 Terres de l\u2019Ebre<\/em><\/p>\n\n\n\n<p>El festival <strong>Euf\u00f2nic<\/strong>, que enguany celebra la seva 14a edici\u00f3, continua consolidant-se com un epicentre de les arts sonores, visuals i digital-performatives al nostre pa\u00eds. Amb el <strong>paisatge de les Terres de l\u2019Ebre<\/strong> com a escenari i mat\u00e8ria primera, el festival aposta de nou per l\u2019experimentaci\u00f3 i el di\u00e0leg entre disciplines, en una proposta cultural que connecta amb la natura, la tecnologia i la sensibilitat contempor\u00e0nia. Espais patrimonials, muse\u00edstics i naturals es converteixen en escenaris transitables per a les arts m\u00e9s arriscades, oferint una experi\u00e8ncia \u00fanica on la contemplaci\u00f3 i l\u2019escolta activa s\u00f3n una invitaci\u00f3 a aturar-se.<\/p>\n\n\n\n<figure class=\"wp-block-image size-large\"><img loading=\"lazy\" decoding=\"async\" width=\"700\" height=\"525\" src=\"https:\/\/www.mariusdomingo.com\/altacapa\/img_blog\/IMG_5112-1-700x525.jpg\" alt=\"\" class=\"wp-image-18602\" srcset=\"https:\/\/www.mariusdomingo.com\/altacapa\/img_blog\/IMG_5112-1-700x525.jpg 700w, https:\/\/www.mariusdomingo.com\/altacapa\/img_blog\/IMG_5112-1-300x225.jpg 300w, https:\/\/www.mariusdomingo.com\/altacapa\/img_blog\/IMG_5112-1-768x576.jpg 768w, https:\/\/www.mariusdomingo.com\/altacapa\/img_blog\/IMG_5112-1-1536x1152.jpg 1536w, https:\/\/www.mariusdomingo.com\/altacapa\/img_blog\/IMG_5112-1-800x600.jpg 800w, https:\/\/www.mariusdomingo.com\/altacapa\/img_blog\/IMG_5112-1-80x60.jpg 80w, https:\/\/www.mariusdomingo.com\/altacapa\/img_blog\/IMG_5112-1.jpg 2016w\" sizes=\"(max-width: 700px) 100vw, 700px\" \/><\/figure>\n\n\n\n<p><\/p>\n\n\n\n<p>Entre les propostes destacades d\u2019enguany, sobresurt la pres\u00e8ncia de l\u2019artista sonora <strong>Jana Winderen<\/strong> amb la instal\u00b7laci\u00f3 <strong>\u201cListening with the Blue Swimmer\u201d<\/strong>, fruit d\u2019un any d\u2019enregistraments subaqu\u00e0tics realitzats al <strong>delta de l\u2019Ebre<\/strong>. El projecte, comissariat per <strong>Arnau Horta<\/strong> i coprodu\u00eft entre Euf\u00f2nic i <strong>Lo Pati \u2013 Centre d\u2019Art Terres de l\u2019Ebre<\/strong>, \u00e9s una immersi\u00f3 ac\u00fastica en les profunditats invisibles d\u2019un ecosistema vulnerable. Winderen, reconeguda internacionalment per la seva capacitat de fer audible all\u00f2 inaudible, ens convida a escoltar les alteracions clim\u00e0tiques, les tensions ecol\u00f2giques i les vides ocultes sota l\u2019aigua. L\u2019obra, que es pot visitar fins al <strong>27 de juliol<\/strong>, \u00e9s un crit contingut i prec\u00eds, una po\u00e8tica de la fragilitat amb resson\u00e0ncies globals.<\/p>\n\n\n\n<figure class=\"wp-block-image size-full\"><img loading=\"lazy\" decoding=\"async\" width=\"480\" height=\"640\" src=\"https:\/\/www.mariusdomingo.com\/altacapa\/img_blog\/IMG_5065-1-rotated.jpg\" alt=\"\" class=\"wp-image-18603\" srcset=\"https:\/\/www.mariusdomingo.com\/altacapa\/img_blog\/IMG_5065-1-rotated.jpg 480w, https:\/\/www.mariusdomingo.com\/altacapa\/img_blog\/IMG_5065-1-225x300.jpg 225w\" sizes=\"(max-width: 480px) 100vw, 480px\" \/><\/figure>\n\n\n\n<p><\/p>\n\n\n\n<p>En un altre registre, per\u00f2 amb la mateixa intensitat emocional, el recital <strong>\u201cEmerg\u00e8ncies\u201d<\/strong> reuneix la poeta <strong>Mireia Calafell<\/strong>, el m\u00fasic <strong>Nil Ciur\u00f3<\/strong> i l\u2019estudi de disseny audiovisual <strong>Oscila<\/strong>. A partir del poemari <em>Si una emerg\u00e8ncia<\/em> (Premi Carles Riba 2023), Calafell articula una proposta esc\u00e8nica que reivindica la doble naturalesa d\u2019all\u00f2 que emergeix: com a final i com a comen\u00e7ament. Els versos, que exploren la p\u00e8rdua, la vulnerabilitat i la resist\u00e8ncia, s\u2019acompanyen de les textures musicals de Ciur\u00f3, que combina el <strong>minimalisme, l\u2019electr\u00f2nica i la melodia<\/strong> amb una sensibilitat intensa. L\u2019univers visual d\u2019Oscila transforma l\u2019espai esc\u00e8nic en un organisme viu, un bategar llumin\u00f3s que arrodoneix l\u2019experi\u00e8ncia sensorial.<\/p>\n\n\n\n<p>Amb aquestes dues propostes \u2014i moltes altres que conformen el programa\u2014, <strong>Euf\u00f2nic 2025<\/strong> demostra que el futur de l\u2019art contemporani passa per l\u2019escolta atenta, la hibridaci\u00f3 de llenguatges i la connexi\u00f3 profunda amb el territori. Ja sigui sota les aig\u00fces del Delta o entre els versos dits a mitja llum, l\u2019art aqu\u00ed no busca nom\u00e9s impactar, sin\u00f3 transformar.<\/p>\n","protected":false},"excerpt":{"rendered":"<p>Emerg\u00e8ncies i escoltes abissals: el paisatge sonor d\u2019Euf\u00f2nic 202514a edici\u00f3 del Festival Euf\u00f2nic \u2013 Terres de l\u2019Ebre El festival Euf\u00f2nic, que enguany celebra la seva 14a edici\u00f3, continua consolidant-se com un epicentre de les arts sonores, visuals i digital-performatives al nostre pa\u00eds. Amb el paisatge de les Terres de l\u2019Ebre com a escenari i mat\u00e8ria&#8230;<\/p>\n","protected":false},"author":3,"featured_media":18601,"comment_status":"closed","ping_status":"closed","sticky":false,"template":"","format":"standard","meta":{"footnotes":""},"categories":[19,21],"tags":[],"_links":{"self":[{"href":"https:\/\/www.mariusdomingo.com\/altacapa\/index.php?rest_route=\/wp\/v2\/posts\/18600"}],"collection":[{"href":"https:\/\/www.mariusdomingo.com\/altacapa\/index.php?rest_route=\/wp\/v2\/posts"}],"about":[{"href":"https:\/\/www.mariusdomingo.com\/altacapa\/index.php?rest_route=\/wp\/v2\/types\/post"}],"author":[{"embeddable":true,"href":"https:\/\/www.mariusdomingo.com\/altacapa\/index.php?rest_route=\/wp\/v2\/users\/3"}],"replies":[{"embeddable":true,"href":"https:\/\/www.mariusdomingo.com\/altacapa\/index.php?rest_route=%2Fwp%2Fv2%2Fcomments&post=18600"}],"version-history":[{"count":1,"href":"https:\/\/www.mariusdomingo.com\/altacapa\/index.php?rest_route=\/wp\/v2\/posts\/18600\/revisions"}],"predecessor-version":[{"id":18604,"href":"https:\/\/www.mariusdomingo.com\/altacapa\/index.php?rest_route=\/wp\/v2\/posts\/18600\/revisions\/18604"}],"wp:featuredmedia":[{"embeddable":true,"href":"https:\/\/www.mariusdomingo.com\/altacapa\/index.php?rest_route=\/wp\/v2\/media\/18601"}],"wp:attachment":[{"href":"https:\/\/www.mariusdomingo.com\/altacapa\/index.php?rest_route=%2Fwp%2Fv2%2Fmedia&parent=18600"}],"wp:term":[{"taxonomy":"category","embeddable":true,"href":"https:\/\/www.mariusdomingo.com\/altacapa\/index.php?rest_route=%2Fwp%2Fv2%2Fcategories&post=18600"},{"taxonomy":"post_tag","embeddable":true,"href":"https:\/\/www.mariusdomingo.com\/altacapa\/index.php?rest_route=%2Fwp%2Fv2%2Ftags&post=18600"}],"curies":[{"name":"wp","href":"https:\/\/api.w.org\/{rel}","templated":true}]}}