{"id":18660,"date":"2025-10-02T17:17:00","date_gmt":"2025-10-02T16:17:00","guid":{"rendered":"https:\/\/www.mariusdomingo.com\/altacapa\/?p=18660"},"modified":"2025-11-16T17:54:35","modified_gmt":"2025-11-16T16:54:35","slug":"pepo-argilaguet-1000-perfils","status":"publish","type":"post","link":"https:\/\/www.mariusdomingo.com\/altacapa\/?p=18660","title":{"rendered":"Pepo Argilaguet | 1000 perfils"},"content":{"rendered":"\n<figure class=\"wp-block-image size-large is-resized\"><img loading=\"lazy\" decoding=\"async\" width=\"1512\" height=\"2016\" src=\"https:\/\/www.mariusdomingo.com\/altacapa\/img_blog\/IMG_7982-edited.jpg\" alt=\"\" class=\"wp-image-18663\" style=\"width:475px;height:auto\" srcset=\"https:\/\/www.mariusdomingo.com\/altacapa\/img_blog\/IMG_7982-edited.jpg 1512w, https:\/\/www.mariusdomingo.com\/altacapa\/img_blog\/IMG_7982-edited-225x300.jpg 225w, https:\/\/www.mariusdomingo.com\/altacapa\/img_blog\/IMG_7982-edited-700x933.jpg 700w, https:\/\/www.mariusdomingo.com\/altacapa\/img_blog\/IMG_7982-edited-768x1024.jpg 768w, https:\/\/www.mariusdomingo.com\/altacapa\/img_blog\/IMG_7982-edited-1152x1536.jpg 1152w, https:\/\/www.mariusdomingo.com\/altacapa\/img_blog\/IMG_7982-edited-800x1067.jpg 800w\" sizes=\"(max-width: 1512px) 100vw, 1512px\" \/><\/figure>\n\n\n\n<p><\/p>\n\n\n\n<p>Vivim immersos en un ecosistema digital on cada persona \u00e9s redu\u00efda a un perfil. Nom d\u2019usuari, representaci\u00f3 visual, publicacions, <em>likes<\/em> i comentaris: fragments de pres\u00e8ncia que construeixen una identitat aparent. <em>1000 perfils<\/em> no nom\u00e9s al\u00b7ludeix a la multiplicitat d\u2019aquestes identitats, sin\u00f3 tamb\u00e9 al buit que les travessa. Qu\u00e8 hi ha darrere de cada perfil? Qu\u00e8 amaga all\u00f2 que es mostra?<\/p>\n\n\n\n<p>Les xarxes socials s\u2019han convertit en espais de representaci\u00f3 i control. Lluny de ser una finestra oberta a la llibertat d\u2019expressi\u00f3, funcionen com a dispositius de control \u2014com ja anticipava Michel Foucault\u2014, on el poder no \u00e9s visible per\u00f2 opera de forma constant. Els algoritmes observen, classifiquen, dirigeixen l\u2019atenci\u00f3 i silencien. No cal que hi hagi un vigilant f\u00edsic: el sistema ja ho fa sol, i ho fa millor.<\/p>\n\n\n\n<p>Aquest projecte planteja una exploraci\u00f3 cr\u00edtica i reflexiva del rastre que deixem al m\u00f3n digital. El buit s\u2019hi fa present no nom\u00e9s com a abs\u00e8ncia, sin\u00f3 com a exc\u00e9s de pres\u00e8ncia: perfils saturats d\u2019imatges que oculten el silenci interior, la por a no ser, a no existir. Mil perfils que criden per ser vistos, per\u00f2 que sovint no diuen res. Mil rostres sense veu pr\u00f2pia.<\/p>\n\n\n\n<p><em>1000 perfils<\/em> parla del desig de pert\u00e0nyer, de l\u2019angoixa de ser oblidats en un flux constant de contingut, i de la paradoxa de viure m\u00e9s pendents de la nostra projecci\u00f3 digital que del nostre estar al m\u00f3n. Cadascun dels perfils aqu\u00ed presentats interpel\u00b7la el visitant des d\u2019aquesta ambig\u00fcitat: s\u00f3n pres\u00e8ncies i abs\u00e8ncies alhora, tra\u00e7os d\u2019un jo que es projecta, per\u00f2 que tamb\u00e9 es perd.<\/p>\n\n\n\n<p>En aquest univers de connexi\u00f3 constant, el projecte convida a preguntar-se: qui ens mira? Qui ens configura? Qu\u00e8 queda de nosaltres m\u00e9s enll\u00e0 de la superf\u00edcie lliscant de la pantalla? I sobretot: qu\u00e8 hi ha sota aquests mil perfils? [M\u00e0rius Domingo | text del full de sala]<\/p>\n\n\n\n<p><\/p>\n\n\n\n<figure class=\"wp-block-image size-large is-resized\"><img loading=\"lazy\" decoding=\"async\" width=\"1512\" height=\"2016\" src=\"https:\/\/www.mariusdomingo.com\/altacapa\/img_blog\/IMG_8043-edited.jpg\" alt=\"\" class=\"wp-image-18665\" style=\"width:353px;height:auto\" srcset=\"https:\/\/www.mariusdomingo.com\/altacapa\/img_blog\/IMG_8043-edited.jpg 1512w, https:\/\/www.mariusdomingo.com\/altacapa\/img_blog\/IMG_8043-edited-225x300.jpg 225w, https:\/\/www.mariusdomingo.com\/altacapa\/img_blog\/IMG_8043-edited-700x933.jpg 700w, https:\/\/www.mariusdomingo.com\/altacapa\/img_blog\/IMG_8043-edited-768x1024.jpg 768w, https:\/\/www.mariusdomingo.com\/altacapa\/img_blog\/IMG_8043-edited-1152x1536.jpg 1152w, https:\/\/www.mariusdomingo.com\/altacapa\/img_blog\/IMG_8043-edited-800x1067.jpg 800w\" sizes=\"(max-width: 1512px) 100vw, 1512px\" \/><\/figure>\n\n\n\n<p>[Mitgeres Festival de fotografia de Valls &#8211;  Museu de Valls][del 2 d&#8217;octubre al 14 de novembre de 2025]<\/p>\n\n\n\n<p><\/p>\n\n\n\n<p><\/p>\n","protected":false},"excerpt":{"rendered":"<p>Vivim immersos en un ecosistema digital on cada persona \u00e9s redu\u00efda a un perfil. Nom d\u2019usuari, representaci\u00f3 visual, publicacions, likes i comentaris: fragments de pres\u00e8ncia que construeixen una identitat aparent. 1000 perfils no nom\u00e9s al\u00b7ludeix a la multiplicitat d\u2019aquestes identitats, sin\u00f3 tamb\u00e9 al buit que les travessa. Qu\u00e8 hi ha darrere de cada perfil? Qu\u00e8&#8230;<\/p>\n","protected":false},"author":3,"featured_media":18661,"comment_status":"closed","ping_status":"closed","sticky":false,"template":"","format":"standard","meta":{"footnotes":""},"categories":[37,19,33],"tags":[],"_links":{"self":[{"href":"https:\/\/www.mariusdomingo.com\/altacapa\/index.php?rest_route=\/wp\/v2\/posts\/18660"}],"collection":[{"href":"https:\/\/www.mariusdomingo.com\/altacapa\/index.php?rest_route=\/wp\/v2\/posts"}],"about":[{"href":"https:\/\/www.mariusdomingo.com\/altacapa\/index.php?rest_route=\/wp\/v2\/types\/post"}],"author":[{"embeddable":true,"href":"https:\/\/www.mariusdomingo.com\/altacapa\/index.php?rest_route=\/wp\/v2\/users\/3"}],"replies":[{"embeddable":true,"href":"https:\/\/www.mariusdomingo.com\/altacapa\/index.php?rest_route=%2Fwp%2Fv2%2Fcomments&post=18660"}],"version-history":[{"count":2,"href":"https:\/\/www.mariusdomingo.com\/altacapa\/index.php?rest_route=\/wp\/v2\/posts\/18660\/revisions"}],"predecessor-version":[{"id":18676,"href":"https:\/\/www.mariusdomingo.com\/altacapa\/index.php?rest_route=\/wp\/v2\/posts\/18660\/revisions\/18676"}],"wp:featuredmedia":[{"embeddable":true,"href":"https:\/\/www.mariusdomingo.com\/altacapa\/index.php?rest_route=\/wp\/v2\/media\/18661"}],"wp:attachment":[{"href":"https:\/\/www.mariusdomingo.com\/altacapa\/index.php?rest_route=%2Fwp%2Fv2%2Fmedia&parent=18660"}],"wp:term":[{"taxonomy":"category","embeddable":true,"href":"https:\/\/www.mariusdomingo.com\/altacapa\/index.php?rest_route=%2Fwp%2Fv2%2Fcategories&post=18660"},{"taxonomy":"post_tag","embeddable":true,"href":"https:\/\/www.mariusdomingo.com\/altacapa\/index.php?rest_route=%2Fwp%2Fv2%2Ftags&post=18660"}],"curies":[{"name":"wp","href":"https:\/\/api.w.org\/{rel}","templated":true}]}}