{"id":18667,"date":"2025-10-17T17:51:00","date_gmt":"2025-10-17T16:51:00","guid":{"rendered":"https:\/\/www.mariusdomingo.com\/altacapa\/?p=18667"},"modified":"2025-11-16T18:05:17","modified_gmt":"2025-11-16T17:05:17","slug":"ruben-perdomo-arquitectura-de-les-decisions","status":"publish","type":"post","link":"https:\/\/www.mariusdomingo.com\/altacapa\/?p=18667","title":{"rendered":"Rub\u00e9n Perdomo | Arquitectura de les decisions"},"content":{"rendered":"\n<figure class=\"wp-block-image size-large is-resized\"><img loading=\"lazy\" decoding=\"async\" width=\"1512\" height=\"2016\" src=\"https:\/\/www.mariusdomingo.com\/altacapa\/img_blog\/IMG_8420-edited.jpg\" alt=\"\" class=\"wp-image-18670\" style=\"width:501px;height:auto\" srcset=\"https:\/\/www.mariusdomingo.com\/altacapa\/img_blog\/IMG_8420-edited.jpg 1512w, https:\/\/www.mariusdomingo.com\/altacapa\/img_blog\/IMG_8420-edited-225x300.jpg 225w, https:\/\/www.mariusdomingo.com\/altacapa\/img_blog\/IMG_8420-edited-700x933.jpg 700w, https:\/\/www.mariusdomingo.com\/altacapa\/img_blog\/IMG_8420-edited-768x1024.jpg 768w, https:\/\/www.mariusdomingo.com\/altacapa\/img_blog\/IMG_8420-edited-1152x1536.jpg 1152w, https:\/\/www.mariusdomingo.com\/altacapa\/img_blog\/IMG_8420-edited-800x1067.jpg 800w\" sizes=\"(max-width: 1512px) 100vw, 1512px\" \/><\/figure>\n\n\n\n<p><\/p>\n\n\n\n<p>Fotografies i poemes que constitueixen un viatge \u00edntim i sensorial pels marges de la mem\u00f2ria, el paisatge i el pas del temps. Amb una escriptura delicada i evocadora, el jo po\u00e8tic es mou entre la quietud d\u2019espais naturals i l\u2019evocaci\u00f3 de records personals que afloren com restes d\u2019un naufragi emocional. S\u2019hi despleguen imatges de bosc, de camins solitaris, de vents que sacsegen la mem\u00f2ria i d\u2019ombres que s\u2019insinuen entre els arbres i les ru\u00efnes del dia a dia. El dolor, l\u2019abs\u00e8ncia i la llum \u2014a vegades espectral, a vegades reveladora\u2014 es barregen amb un amor profund per all\u00f2 que s\u2019esvaeix: rostres, paraules, paisatges que ja no hi s\u00f3n.<\/p>\n\n\n\n<p>L\u2019aigua hi actua com a fil conductor, com una subst\u00e0ncia viva que travessa els textos, que erosiona, que sedimenta, que recorda. \u00c9s amb maons d\u2019aigua que es construeix aquest llibre: cada imatge i cada vers s\u00f3n unitats fluides que, tot i la seva fragilitat, aixequen una arquitectura de mem\u00f2ria i resist\u00e8ncia.<\/p>\n\n\n\n<p>El conjunt crea una atmosfera de contemplaci\u00f3 melanc\u00f2lica, on cada poema sembla voler retenir all\u00f2 que el m\u00f3n oblida. Acompanyades d\u2019imatges, aquestes peces no nom\u00e9s s\u2019observen: es travessen.<\/p>\n\n\n\n<figure class=\"wp-block-image size-large is-resized\"><img loading=\"lazy\" decoding=\"async\" width=\"700\" height=\"934\" src=\"https:\/\/www.mariusdomingo.com\/altacapa\/img_blog\/IMG_8462-700x934.jpg\" alt=\"\" class=\"wp-image-18671\" style=\"width:277px;height:auto\" srcset=\"https:\/\/www.mariusdomingo.com\/altacapa\/img_blog\/IMG_8462-700x934.jpg 700w, https:\/\/www.mariusdomingo.com\/altacapa\/img_blog\/IMG_8462-225x300.jpg 225w, https:\/\/www.mariusdomingo.com\/altacapa\/img_blog\/IMG_8462-768x1024.jpg 768w, https:\/\/www.mariusdomingo.com\/altacapa\/img_blog\/IMG_8462-1152x1536.jpg 1152w, https:\/\/www.mariusdomingo.com\/altacapa\/img_blog\/IMG_8462-800x1067.jpg 800w, https:\/\/www.mariusdomingo.com\/altacapa\/img_blog\/IMG_8462.jpg 1393w\" sizes=\"(max-width: 700px) 100vw, 700px\" \/><\/figure>\n\n\n\n<p><\/p>\n\n\n\n<p><\/p>\n\n\n\n<p>\u00abEl record \u00e9s l\u2019\u00fanic parad\u00eds d\u2019on no podem ser expulsats.\u00bb Johann Paul Friedrich Richter<\/p>\n\n\n\n<figure class=\"wp-block-image size-large is-resized\"><img loading=\"lazy\" decoding=\"async\" width=\"700\" height=\"490\" src=\"https:\/\/www.mariusdomingo.com\/altacapa\/img_blog\/918b7a2a-7c86-4710-8fff-309fa75b4589-1-700x490.jpg\" alt=\"\" class=\"wp-image-18673\" style=\"width:542px;height:auto\" srcset=\"https:\/\/www.mariusdomingo.com\/altacapa\/img_blog\/918b7a2a-7c86-4710-8fff-309fa75b4589-1-700x490.jpg 700w, https:\/\/www.mariusdomingo.com\/altacapa\/img_blog\/918b7a2a-7c86-4710-8fff-309fa75b4589-1-300x210.jpg 300w, https:\/\/www.mariusdomingo.com\/altacapa\/img_blog\/918b7a2a-7c86-4710-8fff-309fa75b4589-1-768x537.jpg 768w, https:\/\/www.mariusdomingo.com\/altacapa\/img_blog\/918b7a2a-7c86-4710-8fff-309fa75b4589-1-800x560.jpg 800w, https:\/\/www.mariusdomingo.com\/altacapa\/img_blog\/918b7a2a-7c86-4710-8fff-309fa75b4589-1.jpg 1279w\" sizes=\"(max-width: 700px) 100vw, 700px\" \/><\/figure>\n\n\n\n<p><\/p>\n\n\n\n<p>\u2551 1 \u2551\u2502\u2502<\/p>\n\n\n\n<p>Surt del blanc, de les coses planes, sense forma.<\/p>\n\n\n\n<p>Sense volum.<\/p>\n\n\n\n<p>Emergeix a l\u2019horitz\u00f3, m\u00e9s enll\u00e0 del tur\u00f3,<\/p>\n\n\n\n<p>no espera res,<\/p>\n\n\n\n<p>una lletania que es repeteix<\/p>\n\n\n\n<p>em colpeja suaument. Com tot el que arriba de matinada,<\/p>\n\n\n\n<p>amb una consist\u00e8ncia oliosa.<\/p>\n\n\n\n<p>D\u2019una serenitat que, lentament, em recorda<\/p>\n\n\n\n<p>el soroll ofegat de la carretera,&nbsp;&nbsp;&nbsp;&nbsp;&nbsp;<\/p>\n\n\n\n<p>distant i lluny\u00e0, present minut a minut.<\/p>\n\n\n\n<p>Records err\u00e0tics.<\/p>\n\n\n\n<p>A una persona com tu<\/p>\n\n\n\n<p>nom\u00e9s la pot con\u00e8ixer qui estima sense esperan\u00e7a,<\/p>\n\n\n\n<p>com quan vas<\/p>\n\n\n\n<p>per una carretera de direcci\u00f3 \u00fanica.<\/p>\n\n\n\n<p>Sol t\u00edmid entre els arbres, molt baix,<\/p>\n\n\n\n<p>escap\u00e7a la nit. La llum inunda la vall,<\/p>\n\n\n\n<p>amb prud\u00e8ncia, temorosa,<\/p>\n\n\n\n<p>transparent com la rosada que arriba fins a la finestra del dormitori.<\/p>\n\n\n\n<p>Llavors, lentament, tot el mat\u00ed es posa en peu.<\/p>\n\n\n\n<figure class=\"wp-block-image size-large is-resized\"><img loading=\"lazy\" decoding=\"async\" width=\"700\" height=\"524\" src=\"https:\/\/www.mariusdomingo.com\/altacapa\/img_blog\/80068682-3ec6-47b9-806f-6c77d59653da-1-700x524.jpg\" alt=\"\" class=\"wp-image-18672\" style=\"width:543px;height:auto\" srcset=\"https:\/\/www.mariusdomingo.com\/altacapa\/img_blog\/80068682-3ec6-47b9-806f-6c77d59653da-1-700x524.jpg 700w, https:\/\/www.mariusdomingo.com\/altacapa\/img_blog\/80068682-3ec6-47b9-806f-6c77d59653da-1-300x225.jpg 300w, https:\/\/www.mariusdomingo.com\/altacapa\/img_blog\/80068682-3ec6-47b9-806f-6c77d59653da-1-768x575.jpg 768w, https:\/\/www.mariusdomingo.com\/altacapa\/img_blog\/80068682-3ec6-47b9-806f-6c77d59653da-1-1536x1150.jpg 1536w, https:\/\/www.mariusdomingo.com\/altacapa\/img_blog\/80068682-3ec6-47b9-806f-6c77d59653da-1-800x599.jpg 800w, https:\/\/www.mariusdomingo.com\/altacapa\/img_blog\/80068682-3ec6-47b9-806f-6c77d59653da-1-80x60.jpg 80w, https:\/\/www.mariusdomingo.com\/altacapa\/img_blog\/80068682-3ec6-47b9-806f-6c77d59653da-1.jpg 1600w\" sizes=\"(max-width: 700px) 100vw, 700px\" \/><\/figure>\n\n\n\n<p><\/p>\n\n\n\n<p>\u2551 2 \u2551\u2502\u2502<\/p>\n\n\n\n<p>El desconsol queda molt enrere,<\/p>\n\n\n\n<p>banyat en abs\u00e8ncia,<\/p>\n\n\n\n<p>esva\u00eft per part\u00edcules de claror.<\/p>\n\n\n\n<p>Silenci de les primeres hores:<\/p>\n\n\n\n<p>l\u2019arbre del pati les guarda pacientment.<\/p>\n\n\n\n<p>Cau la darrera fulla<\/p>\n\n\n\n<p>sense pressa,<\/p>\n\n\n\n<p>fent costat al vent que arriba de migjorn i ho espatlla tot,<\/p>\n\n\n\n<p>fuga\u00e7.<\/p>\n\n\n\n<p>[Fotografies de Rub\u00e9n Perdomo i Textos\/poemes de M\u00e0rius Domingo][SCAN Festival Internacional e Fotografia Tarragona][El C\u00edrcol |Pla\u00e7a Prim, 4 | Reus][Del 17 d&#8217;octubre al 28 de novembre de 2025]<\/p>\n","protected":false},"excerpt":{"rendered":"<p>Fotografies i poemes que constitueixen un viatge \u00edntim i sensorial pels marges de la mem\u00f2ria, el paisatge i el pas del temps. Amb una escriptura delicada i evocadora, el jo po\u00e8tic es mou entre la quietud d\u2019espais naturals i l\u2019evocaci\u00f3 de records personals que afloren com restes d\u2019un naufragi emocional. S\u2019hi despleguen imatges de bosc,&#8230;<\/p>\n","protected":false},"author":3,"featured_media":18668,"comment_status":"closed","ping_status":"closed","sticky":false,"template":"","format":"standard","meta":{"footnotes":""},"categories":[37,19,33,22],"tags":[],"_links":{"self":[{"href":"https:\/\/www.mariusdomingo.com\/altacapa\/index.php?rest_route=\/wp\/v2\/posts\/18667"}],"collection":[{"href":"https:\/\/www.mariusdomingo.com\/altacapa\/index.php?rest_route=\/wp\/v2\/posts"}],"about":[{"href":"https:\/\/www.mariusdomingo.com\/altacapa\/index.php?rest_route=\/wp\/v2\/types\/post"}],"author":[{"embeddable":true,"href":"https:\/\/www.mariusdomingo.com\/altacapa\/index.php?rest_route=\/wp\/v2\/users\/3"}],"replies":[{"embeddable":true,"href":"https:\/\/www.mariusdomingo.com\/altacapa\/index.php?rest_route=%2Fwp%2Fv2%2Fcomments&post=18667"}],"version-history":[{"count":3,"href":"https:\/\/www.mariusdomingo.com\/altacapa\/index.php?rest_route=\/wp\/v2\/posts\/18667\/revisions"}],"predecessor-version":[{"id":18681,"href":"https:\/\/www.mariusdomingo.com\/altacapa\/index.php?rest_route=\/wp\/v2\/posts\/18667\/revisions\/18681"}],"wp:featuredmedia":[{"embeddable":true,"href":"https:\/\/www.mariusdomingo.com\/altacapa\/index.php?rest_route=\/wp\/v2\/media\/18668"}],"wp:attachment":[{"href":"https:\/\/www.mariusdomingo.com\/altacapa\/index.php?rest_route=%2Fwp%2Fv2%2Fmedia&parent=18667"}],"wp:term":[{"taxonomy":"category","embeddable":true,"href":"https:\/\/www.mariusdomingo.com\/altacapa\/index.php?rest_route=%2Fwp%2Fv2%2Fcategories&post=18667"},{"taxonomy":"post_tag","embeddable":true,"href":"https:\/\/www.mariusdomingo.com\/altacapa\/index.php?rest_route=%2Fwp%2Fv2%2Ftags&post=18667"}],"curies":[{"name":"wp","href":"https:\/\/api.w.org\/{rel}","templated":true}]}}