{"id":18682,"date":"2025-10-31T18:10:00","date_gmt":"2025-10-31T17:10:00","guid":{"rendered":"https:\/\/www.mariusdomingo.com\/altacapa\/?p=18682"},"modified":"2025-11-16T18:12:25","modified_gmt":"2025-11-16T17:12:25","slug":"sara-dalmau-10-dones-i-lanton-cuni","status":"publish","type":"post","link":"https:\/\/www.mariusdomingo.com\/altacapa\/?p=18682","title":{"rendered":"Sara Dalmau | 10 Dones i l&#8217;Ant\u00f3n Cun\u00ed"},"content":{"rendered":"\n<p>La mem\u00f2ria preservada: habitar un univers nou<\/p>\n\n\n\n<p>Aquesta exposici\u00f3 de Sara Dalmau ens presenta una s\u00e8rie de retrats que ressonen amb la tradici\u00f3 de la pintura cl\u00e0ssica, evocant directament els misteriosos retrats del Faium (Egipte). Aquesta t\u00e8cnica, una de les poques mostres de pintura sobre taula que ha perdurat del m\u00f3n cl\u00e0ssic, serveix de pont entre l&#8217;antiguitat i les iconografies bizantines i occidentals. Retrats fidels que de persones estimades que es volien present i perdurant en el record.<\/p>\n\n\n\n<p>Per\u00f2 el que Dalmau retrata no \u00e9s exactament un llinatge d&#8217;origen familiar o una nissaga hist\u00f2rica, sin\u00f3, tal i com ella mateixa indica, &#8220;es tracta de la constel\u00b7laci\u00f3 d&#8217;una fam\u00edlia desapareguda, per inventada o per impossible&#8221;, \u00e9s a dir, un lloc de miralls que amaguem i mostren, que insinuen. La manca d&#8217;una estructura familiar convencional i l&#8217;abs\u00e8ncia d&#8217;un sentiment de pertinen\u00e7a es converteixen en el motor creatiu de l&#8217;artista, de forma que &#8220;la manca d&#8217;estructura familiar, l&#8217;orgull de nissaga, de gestes aconseguides o quelcom tan senzill com l&#8217;estimaci\u00f3 de pare i germans, s\u00f3n dibuixos d&#8217;aquelles matem\u00e0tiques que tendeixen a 0.&#8221; Com si l\u2019oblit, la desaparici\u00f3, aquest zero que invoca Sara Dalmau, i del qual vol fugir, es neutralitzes conjurant-se amb la pintura per crear un univers on les seves ombres, aquestes pres\u00e8ncies tan absents, &nbsp;puguin habitar.&nbsp;<\/p>\n\n\n\n<p>El Lloc i el Sentit: La Licorera de Valls<\/p>\n\n\n\n<p>L&#8217;elecci\u00f3 de l&#8217;espai no \u00e9s casual. L&#8217;antiga f\u00e0brica de licors &#8220;La Licorera&#8221; de Valls, amb les seves dogues i la forta olor de celler, esdev\u00e9 la llar i l\u2019espai ideal on el treball de Dalmau pot respirar amb felicitat. Aquesta atmosfera c\u00e0lida i terrenal \u00e9s el tel\u00f3 de fons perfecte per a l&#8217;\u00fanic record material que l&#8217;artista conserva del seu avi: un tros de bota amb les seves inicials marcades, una pe\u00e7a que torna a les seves arrels per honorar l&#8217;Ant\u00f3n Cun\u00ed, la figura absent que dona nom a l&#8217;exposici\u00f3.<\/p>\n\n\n\n<p>Les 10 Peces: Un Pante\u00f3 Personal<\/p>\n\n\n\n<p>L&#8217;exposici\u00f3 desvetlla onze figures clau que han marcat l&#8217;imaginari i la vida de l&#8217;artista, desdibuixant la l\u00ednia entre la realitat, el desig i la invenci\u00f3:<\/p>\n\n\n\n<ol start=\"1\">\n<li>L&#8217;\u00e0via: Puntal de Can Miquel\u00f3. Maca, serena, amb l&#8217;antiga for\u00e7a de qui va n\u00e9ixer l&#8217;any de l&#8217;Exposici\u00f3 Universal de 1888. L\u2019any de les carabasses.<\/li>\n\n\n\n<li>Les mares: La tia Maria i la tia Isabel. Dues figures oposades, unides per un lla\u00e7 d\u2019amor inesgotable.<\/li>\n\n\n\n<li>L&#8217;eterna nena: Delicada, princesa i perfectament culta.<\/li>\n\n\n\n<li>La justeta Madalena: L&#8217;alegria innata que fa que l&#8217;artista de petita desitg\u00e9s la seva simplicitat.<\/li>\n\n\n\n<li>La maldat: Un \u00e9sser que exerceix de la seva ess\u00e8ncia des del naixement.<\/li>\n\n\n\n<li>L&#8217;estimada forana de l&#8217;Arag\u00f3: Simp\u00e0tica, obsessiva amb la neteja i amb l&#8217;ofici de degollar guatlles per Nadal.<\/li>\n\n\n\n<li>L&#8217;estimada forana divina: Ali\u00e8 a tot, excepte a la seva pr\u00f2pia bellesa.<\/li>\n\n\n\n<li>La llavor d&#8217;un futur millor: L&#8217;\u00e9sser concebut per l&#8217;artista, s\u00edmbol d&#8217;equilibri, for\u00e7a i el millor motiu per somriure.<\/li>\n\n\n\n<li>Autoretrat: El desig constant de llibertat i de volar&#8230; ben guarnida.<\/li>\n\n\n\n<li>L&#8217;empremta de l&#8217;avi Ant\u00f3n Cun\u00ed: Nom\u00e9s un tros de bota i la noci\u00f3 d&#8217;uns ulls blaus, un car\u00e0cter eixut i una extrema primesa.<\/li>\n<\/ol>\n\n\n\n<p>L&#8217;Artista: Sara Dalmau<\/p>\n\n\n\n<p>Sara Dalmau, pintora i escriptora establerta a l&#8217;Argilaga, destaca per la seva predilecci\u00f3 pel m\u00f3n natural, la figura i les hist\u00f2ries femenines. Ha participat en m\u00e9s de cinquanta exposicions en espais molt diversos, sovint vinculats a un context volgudament evocador com l&#8217;Hotel Ritz o el Monestir de Santes Creus.<\/p>\n\n\n\n<p>En la seva vessant liter\u00e0ria, \u00e9s autora de l&#8217;epistolari <em>Adeu truhanes de Bursa<\/em> o <em>Diari de Turc<\/em>, i dels relats premiats <em>Ara\u00f1as en la cuna<\/em> (premi La Sedeta 2017) i <em>Monjas i Labios<\/em> (XIV premis literaris Constant\u00ed 2020). La seva obra m\u00e9s recent, <em>Amor Animal <\/em>(2023), conjuga pintura i narrativa en una deriva m\u00e9s visceral del seu anterior llibre, <em>Converses, trobades i contes amb animalons<\/em> (2021).<\/p>\n\n\n\n<p><em>M\u00e0rius Domingo, cr\u00edtic d\u2019art, editor i curador independent.<\/em> [text del full de sala]<\/p>\n","protected":false},"excerpt":{"rendered":"<p>La mem\u00f2ria preservada: habitar un univers nou Aquesta exposici\u00f3 de Sara Dalmau ens presenta una s\u00e8rie de retrats que ressonen amb la tradici\u00f3 de la pintura cl\u00e0ssica, evocant directament els misteriosos retrats del Faium (Egipte). Aquesta t\u00e8cnica, una de les poques mostres de pintura sobre taula que ha perdurat del m\u00f3n cl\u00e0ssic, serveix de pont&#8230;<\/p>\n","protected":false},"author":3,"featured_media":18684,"comment_status":"closed","ping_status":"closed","sticky":false,"template":"","format":"standard","meta":{"footnotes":""},"categories":[37,19],"tags":[],"_links":{"self":[{"href":"https:\/\/www.mariusdomingo.com\/altacapa\/index.php?rest_route=\/wp\/v2\/posts\/18682"}],"collection":[{"href":"https:\/\/www.mariusdomingo.com\/altacapa\/index.php?rest_route=\/wp\/v2\/posts"}],"about":[{"href":"https:\/\/www.mariusdomingo.com\/altacapa\/index.php?rest_route=\/wp\/v2\/types\/post"}],"author":[{"embeddable":true,"href":"https:\/\/www.mariusdomingo.com\/altacapa\/index.php?rest_route=\/wp\/v2\/users\/3"}],"replies":[{"embeddable":true,"href":"https:\/\/www.mariusdomingo.com\/altacapa\/index.php?rest_route=%2Fwp%2Fv2%2Fcomments&post=18682"}],"version-history":[{"count":2,"href":"https:\/\/www.mariusdomingo.com\/altacapa\/index.php?rest_route=\/wp\/v2\/posts\/18682\/revisions"}],"predecessor-version":[{"id":18685,"href":"https:\/\/www.mariusdomingo.com\/altacapa\/index.php?rest_route=\/wp\/v2\/posts\/18682\/revisions\/18685"}],"wp:featuredmedia":[{"embeddable":true,"href":"https:\/\/www.mariusdomingo.com\/altacapa\/index.php?rest_route=\/wp\/v2\/media\/18684"}],"wp:attachment":[{"href":"https:\/\/www.mariusdomingo.com\/altacapa\/index.php?rest_route=%2Fwp%2Fv2%2Fmedia&parent=18682"}],"wp:term":[{"taxonomy":"category","embeddable":true,"href":"https:\/\/www.mariusdomingo.com\/altacapa\/index.php?rest_route=%2Fwp%2Fv2%2Fcategories&post=18682"},{"taxonomy":"post_tag","embeddable":true,"href":"https:\/\/www.mariusdomingo.com\/altacapa\/index.php?rest_route=%2Fwp%2Fv2%2Ftags&post=18682"}],"curies":[{"name":"wp","href":"https:\/\/api.w.org\/{rel}","templated":true}]}}